{"id":263,"date":"2019-11-22T11:15:33","date_gmt":"2019-11-22T13:15:33","guid":{"rendered":"http:\/\/www.bump.com.br\/blog\/?p=263"},"modified":"2023-02-22T10:18:01","modified_gmt":"2023-02-22T13:18:01","slug":"placas-de-conscientizacao-na-obra","status":"publish","type":"post","link":"https:\/\/www.bump.com.br\/blog\/placas-de-conscientizacao-na-obra\/","title":{"rendered":"Placas de Conscientiza\u00e7\u00e3o na Obra \u2013 Seguran\u00e7a, organiza\u00e7\u00e3o e bem-estar"},"content":{"rendered":"<p>A constru\u00e7\u00e3o civil pode ser um ambiente hostil e de dif\u00edcil compreens\u00e3o para os envolvidos, mas a sinaliza\u00e7\u00e3o cumpre o papel de garantir a seguran\u00e7a e o bem-estar de todos. As placas de conscientiza\u00e7\u00e3o na obra s\u00e3o de suma import\u00e2ncia para manter o ambiente organizado, al\u00e9m, \u00e9 claro, de tamb\u00e9m prevenir acidentes.<\/p>\r\n<!-- \/wp:paragraph -->\r\n\r\n<!-- wp:paragraph -->\r\n<p>Segundo\u00a0<a href=\"http:\/\/www.fieb.org.br\/Adm\/Conteudo\/uploads\/Livro-Gestao-de-Residuos_id_177__xbc2901938cc24e5fb98ef2d11ba92fc3_2692013165855_.pdf\" target=\"_blank\" rel=\"noreferrer noopener\">estudo<\/a>\u00a0elaborado pelo SENAI, SEBRAE e GTZ, o setor da constru\u00e7\u00e3o civil al\u00e9m de ser um dos mais importantes para a economia, produz os bens de maiores dimens\u00f5es do planeta, sendo o maior consumidor de recursos naturais do que qualquer economia.<\/p>\r\n<!-- \/wp:paragraph -->\r\n\r\n<!-- wp:paragraph -->\r\n<p>A \u00e1rea da constru\u00e7\u00e3o civil tamb\u00e9m \u00e9 considerada uma das principais causadoras de acidentes de trabalho. De acordo com\u00a0<a href=\"https:\/\/cbic.org.br\/wp-content\/uploads\/2019\/07\/Seguranca_Saude_do_Trabalho_na_Industria_da_Construcao_Civil.pdf\" target=\"_blank\" rel=\"noreferrer noopener\">dados<\/a>\u00a0do Anu\u00e1rio Estat\u00edstico de Acidentes de Trabalho (2017), em todas as categorias profissionais no Brasil foram registrados 549.045 acidentes, desse n\u00famero, no setor da Constru\u00e7\u00e3o Civil foram registrados 364 casos de invalidez permanente.<\/p>\r\n<p><img decoding=\"async\" loading=\"lazy\" class=\"alignnone wp-image-265\" src=\"http:\/\/www.bump.com.br\/blog\/wp-content\/uploads\/2019\/11\/pense-1024x831.jpg\" alt=\"\" width=\"649\" height=\"527\" data-id=\"265\" data-link=\"http:\/\/www.bump.com.br\/blog\/?attachment_id=265\" srcset=\"https:\/\/www.bump.com.br\/blog\/wp-content\/uploads\/2019\/11\/pense-1024x831.jpg 1024w, https:\/\/www.bump.com.br\/blog\/wp-content\/uploads\/2019\/11\/pense-300x243.jpg 300w, https:\/\/www.bump.com.br\/blog\/wp-content\/uploads\/2019\/11\/pense-768x623.jpg 768w, https:\/\/www.bump.com.br\/blog\/wp-content\/uploads\/2019\/11\/pense-493x400.jpg 493w, https:\/\/www.bump.com.br\/blog\/wp-content\/uploads\/2019\/11\/pense.jpg 1135w\" sizes=\"(max-width: 649px) 100vw, 649px\" \/><\/p>\r\n<!-- \/wp:paragraph -->\r\n\r\n<!-- wp:paragraph -->\r\n<p>Segundo o mesmo relat\u00f3rio, do total de 627 mortes por acidentes de origem el\u00e9trica no Brasil, 85 foram com profissionais envolvidos com o ambiente da constru\u00e7\u00e3o civil (pedreiros, pintores, instaladores de calhas e fachadas e eletricistas aut\u00f4nomos).<\/p>\r\n<!-- \/wp:paragraph -->\r\n\r\n<!-- wp:paragraph -->\r\n<p>Com o intuito de prevenir acidentes no ambiente da constru\u00e7\u00e3o civil, h\u00e1 normas espec\u00edficas que tratam do assunto, como \u00e9 o caso da\u00a0<a href=\"http:\/\/www.bump.com.br\/blog\/?p=198\" target=\"_blank\" rel=\"noreferrer noopener\">NR-10<\/a>, que tem a finalidade de garantir a seguran\u00e7a dos trabalhadores que direta ou indiretamente estejam envolvidos em servi\u00e7os de eletricidade.<\/p>\r\n<!-- \/wp:paragraph -->\r\n\r\n<!-- wp:paragraph -->\r\n<p>As placas de conscientiza\u00e7\u00e3o na obra s\u00e3o fundamentais para garantir a organiza\u00e7\u00e3o e fluidez no local, \u00e9 o que explica Ralph Chezzi, engenheiro civil e respons\u00e1vel pela Bump Comunica\u00e7\u00e3o Visual:<\/p>\r\n<!-- \/wp:paragraph -->\r\n\r\n<!-- wp:paragraph -->\r\n<p><strong>\u201cA sinaliza\u00e7\u00e3o \u00e9 fundamental para tornar o ambiente da constru\u00e7\u00e3o civil compreens\u00edvel, facilita o tr\u00e2nsito de pessoas no local, al\u00e9m do mais importante, que \u00e9 garantir a seguran\u00e7a e o bem-estar de todos. Essas placas espec\u00edficas s\u00e3o importantes para orientar comportamentos, para indicar a obrigatoriedade dos usos de equipamentos de seguran\u00e7a, quanto \u00e0 organiza\u00e7\u00e3o do local, que inclui a limpeza, a coleta seletiva, etc,\u201d, acrescenta.<\/strong><\/p>\r\n<!-- \/wp:paragraph -->\r\n\r\n<!-- wp:paragraph -->\r\n<p><strong>Confira:<\/strong>\u00a0<a href=\"http:\/\/www.bump.com.br\/blog\/?p=14\" target=\"_blank\" rel=\"noreferrer noopener\">Import\u00e2ncia da sinaliza\u00e7\u00e3o de seguran\u00e7a para obras &#8211; entenda<\/a><\/p>\r\n<!-- \/wp:paragraph -->\r\n\r\n<!-- wp:heading {\"level\":3} -->\r\n<h2><strong>Placas de conscientiza\u00e7\u00e3o geram organiza\u00e7\u00e3o e melhoram o desempenho no trabalho<\/strong><\/h2>\r\n<p><img decoding=\"async\" loading=\"lazy\" class=\"alignnone wp-image-267\" src=\"http:\/\/www.bump.com.br\/blog\/wp-content\/uploads\/2019\/11\/ambiental-1024x875.jpg\" alt=\"\" width=\"651\" height=\"556\" data-id=\"267\" data-link=\"http:\/\/www.bump.com.br\/blog\/?attachment_id=267\" srcset=\"https:\/\/www.bump.com.br\/blog\/wp-content\/uploads\/2019\/11\/ambiental-1024x875.jpg 1024w, https:\/\/www.bump.com.br\/blog\/wp-content\/uploads\/2019\/11\/ambiental-300x256.jpg 300w, https:\/\/www.bump.com.br\/blog\/wp-content\/uploads\/2019\/11\/ambiental-768x656.jpg 768w, https:\/\/www.bump.com.br\/blog\/wp-content\/uploads\/2019\/11\/ambiental-468x400.jpg 468w, https:\/\/www.bump.com.br\/blog\/wp-content\/uploads\/2019\/11\/ambiental.jpg 1094w\" sizes=\"(max-width: 651px) 100vw, 651px\" \/><\/p>\r\n<!-- \/wp:heading -->\r\n\r\n<!-- wp:paragraph -->\r\n<p>N\u00e3o apenas na Constru\u00e7\u00e3o Civil, mas em qualquer segmento de trabalho \u00e9 importante que haja comunica\u00e7\u00e3o interna e, para isso, as placas de conscientiza\u00e7\u00e3o s\u00e3o muito bem-vindas.<\/p>\r\n<!-- \/wp:paragraph -->\r\n\r\n<!-- wp:paragraph -->\r\n<p>Essas placas s\u00e3o confeccionadas nas cores azul e verde e o intuito \u00e9 sinalizar sobre comportamentos que se esperam no local, para tornar o ambiente de trabalho mais saud\u00e1vel, organizado, o que tamb\u00e9m reflete melhorando o desempenho de trabalho de todos os envolvidos.<\/p>\r\n<!-- \/wp:paragraph -->\r\n\r\n<!-- wp:paragraph -->\r\n<p><strong>Confira abaixo algumas das mensagens nas placas de conscientiza\u00e7\u00e3o na obra:<\/strong><\/p>\r\n<!-- \/wp:paragraph -->\r\n\r\n<!-- wp:paragraph -->\r\n<p><strong>Lembre-se &#8211; Comunique todo equipamento defeituoso;<\/strong><\/p>\r\n<!-- \/wp:paragraph -->\r\n\r\n<!-- wp:paragraph -->\r\n<p><strong>Lembre-se &#8211; A ordem e a limpeza dependem de voc\u00ea;<\/strong><\/p>\r\n<!-- \/wp:paragraph -->\r\n\r\n<!-- wp:paragraph -->\r\n<p><strong>Lembre-se &#8211; \u00c9 obrigat\u00f3rio o uso do crach\u00e1;<\/strong><\/p>\r\n<!-- \/wp:paragraph -->\r\n\r\n<!-- wp:paragraph -->\r\n<p><strong>Lembre-se &#8211; N\u00e3o fume neste local;<\/strong><\/p>\r\n<!-- \/wp:paragraph -->\r\n\r\n<!-- wp:paragraph -->\r\n<p><strong>Lembre-se &#8211; Ajude a manter limpa esta obra;<\/strong><\/p>\r\n<!-- \/wp:paragraph -->\r\n\r\n<!-- wp:paragraph -->\r\n<p><strong>Lembre-se &#8211; Hoje, amanh\u00e3 e sempre trabalhe com seguran\u00e7a;<\/strong><\/p>\r\n<!-- \/wp:paragraph -->\r\n\r\n<!-- wp:paragraph -->\r\n<p><strong>Lembre-se &#8211; Deposite o lixo no recipiente adequado;<\/strong><\/p>\r\n<!-- \/wp:paragraph -->\r\n\r\n<!-- wp:paragraph -->\r\n<p><strong>Lembre-se &#8211; N\u00e3o importa o ferimento v\u00e1 \u00e0 enfermaria;<\/strong><\/p>\r\n<!-- \/wp:paragraph -->\r\n\r\n<!-- wp:paragraph -->\r\n<p><strong>Lembre-se &#8211; Ap\u00f3s o uso, recoloque a chave no lugar;<\/strong><\/p>\r\n<!-- \/wp:paragraph -->\r\n\r\n<!-- wp:paragraph -->\r\n<p><strong>Entre outras.<\/strong><\/p>\r\n<!-- \/wp:paragraph -->\r\n\r\n<!-- wp:paragraph -->\r\n<p><strong>Leia tamb\u00e9m:<\/strong>\u00a0<a href=\"http:\/\/www.bump.com.br\/blog\/?p=253\" target=\"_blank\" rel=\"noreferrer noopener\">Adesivos para empresas \u2013 Personaliza\u00e7\u00e3o importante na Comunica\u00e7\u00e3o Visual<\/a><\/p>\r\n<!-- \/wp:paragraph -->\r\n\r\n<!-- wp:paragraph -->\r\n<p>Dentre as placas de conscientiza\u00e7\u00e3o na obra, h\u00e1 as placas de gest\u00e3o ambiental, na cor verde. Todos os\u00a0<a href=\"http:\/\/www.fieb.org.br\/Adm\/Conteudo\/uploads\/Livro-Gestao-de-Residuos_id_177__xbc2901938cc24e5fb98ef2d11ba92fc3_2692013165855_.pdf\" target=\"_blank\" rel=\"noreferrer noopener\">dispositivos para coleta seletiva<\/a>\u00a0precisam ser sinalizados de acordo com a padroniza\u00e7\u00e3o internacional de cores, segundo a Resolu\u00e7\u00e3o 275 do CONAMA (Conselho Nacional do Meio Ambiente).<\/p>\r\n<!-- \/wp:paragraph -->\r\n\r\n<!-- wp:paragraph -->\r\n<p><strong>\u201cApesar de serem placas de gest\u00e3o ambiental, a finalidade tamb\u00e9m \u00e9 a conscientiza\u00e7\u00e3o para um ambiente mais limpo e organizado. A preocupa\u00e7\u00e3o com a gest\u00e3o de res\u00edduos na constru\u00e7\u00e3o civil \u00e9 fundamental\u201d, alerta Chezzi.<\/strong><\/p>\r\n<!-- \/wp:paragraph -->\r\n\r\n<!-- wp:paragraph -->\r\n<p>Em verde e azul h\u00e1 as placas de sinaliza\u00e7\u00e3o de seguran\u00e7a com a finalidade de alertar os trabalhadores para a necessidade do uso dos equipamentos de seguran\u00e7a (EPIs). Tamb\u00e9m h\u00e1 placas espec\u00edficas orientando comportamentos de higiene no local.<\/p>\r\n<!-- \/wp:paragraph -->\r\n\r\n<!-- wp:paragraph -->\r\n<p>As placas de conscientiza\u00e7\u00e3o na obra s\u00e3o imprescind\u00edveis para evitar a distra\u00e7\u00e3o entre os envolvidos:<\/p>\r\n<!-- \/wp:paragraph -->\r\n\r\n<!-- wp:paragraph -->\r\n<p><strong>\u201cCumprem o papel de lembrar a todos sobre a import\u00e2ncia de manterem o estado de alerta. M\u00e1quinas com defeitos precisam ser sinalizadas, \u00e1reas com risco de queda de objetos, import\u00e2ncia do uso de \u00f3culos de prote\u00e7\u00e3o, etc. \u00c9 fundamental que as informa\u00e7\u00f5es sejam repassadas por meio da sinaliza\u00e7\u00e3o e sejam constantemente atualizadas, quando necess\u00e1rio\u201d, conclui.<\/strong><\/p>\r\n<!-- \/wp:paragraph -->","protected":false},"excerpt":{"rendered":"<p>A constru\u00e7\u00e3o civil pode ser um ambiente hostil e de dif\u00edcil compreens\u00e3o para os envolvidos, mas a sinaliza\u00e7\u00e3o cumpre o papel de garantir a seguran\u00e7a e o bem-estar de todos. As placas de conscientiza\u00e7\u00e3o na obra s\u00e3o de suma import\u00e2ncia para manter o ambiente organizado, al\u00e9m, \u00e9 claro, de tamb\u00e9m prevenir acidentes. Segundo\u00a0estudo\u00a0elaborado pelo SENAI, [&hellip;]<\/p>\n","protected":false},"author":2,"featured_media":264,"comment_status":"open","ping_status":"open","sticky":false,"template":"","format":"standard","meta":{"footnotes":""},"categories":[11],"tags":[],"yoast_head":"<!-- This site is optimized with the Yoast SEO plugin v21.0 - https:\/\/yoast.com\/wordpress\/plugins\/seo\/ -->\n<title>Placas de Conscientiza\u00e7\u00e3o na Obra \u2013 Seguran\u00e7a, organiza\u00e7\u00e3o e bem-estar<\/title>\n<meta name=\"description\" content=\"Compreenda sobre as placas de conscientiza\u00e7\u00e3o na obra e a fun\u00e7\u00e3o que cumprem de prevenir acidentes, orientar comportamentos, etc.\" \/>\n<meta name=\"robots\" content=\"index, follow, max-snippet:-1, max-image-preview:large, max-video-preview:-1\" \/>\n<link rel=\"canonical\" href=\"https:\/\/www.bump.com.br\/blog\/placas-de-conscientizacao-na-obra\/\" \/>\n<meta property=\"og:locale\" content=\"pt_BR\" \/>\n<meta property=\"og:type\" content=\"article\" \/>\n<meta property=\"og:title\" content=\"Placas de Conscientiza\u00e7\u00e3o na Obra \u2013 Seguran\u00e7a, organiza\u00e7\u00e3o e bem-estar\" \/>\n<meta property=\"og:description\" content=\"Compreenda sobre as placas de conscientiza\u00e7\u00e3o na obra e a fun\u00e7\u00e3o que cumprem de prevenir acidentes, orientar comportamentos, etc.\" \/>\n<meta property=\"og:url\" content=\"https:\/\/www.bump.com.br\/blog\/placas-de-conscientizacao-na-obra\/\" \/>\n<meta property=\"og:site_name\" content=\"Bump Comunica\u00e7\u00e3o Visual\" \/>\n<meta property=\"article:published_time\" content=\"2019-11-22T13:15:33+00:00\" \/>\n<meta property=\"article:modified_time\" content=\"2023-02-22T13:18:01+00:00\" \/>\n<meta property=\"og:image\" content=\"http:\/\/www.bump.com.br\/blog\/wp-content\/uploads\/2019\/11\/higiene.jpg\" \/>\n\t<meta property=\"og:image:width\" content=\"1140\" \/>\n\t<meta property=\"og:image:height\" content=\"871\" \/>\n\t<meta property=\"og:image:type\" content=\"image\/jpeg\" \/>\n<meta name=\"author\" content=\"bump\" \/>\n<meta name=\"twitter:card\" content=\"summary_large_image\" \/>\n<meta name=\"twitter:label1\" content=\"Escrito por\" \/>\n\t<meta name=\"twitter:data1\" content=\"bump\" \/>\n\t<meta name=\"twitter:label2\" content=\"Est. tempo de leitura\" \/>\n\t<meta name=\"twitter:data2\" content=\"5 minutos\" \/>\n<script type=\"application\/ld+json\" class=\"yoast-schema-graph\">{\"@context\":\"https:\/\/schema.org\",\"@graph\":[{\"@type\":\"Article\",\"@id\":\"https:\/\/www.bump.com.br\/blog\/placas-de-conscientizacao-na-obra\/#article\",\"isPartOf\":{\"@id\":\"https:\/\/www.bump.com.br\/blog\/placas-de-conscientizacao-na-obra\/\"},\"author\":{\"name\":\"bump\",\"@id\":\"https:\/\/www.bump.com.br\/blog\/#\/schema\/person\/38e45c1500dcea5480ab560e12a44a6a\"},\"headline\":\"Placas de Conscientiza\u00e7\u00e3o na Obra \u2013 Seguran\u00e7a, organiza\u00e7\u00e3o e bem-estar\",\"datePublished\":\"2019-11-22T13:15:33+00:00\",\"dateModified\":\"2023-02-22T13:18:01+00:00\",\"mainEntityOfPage\":{\"@id\":\"https:\/\/www.bump.com.br\/blog\/placas-de-conscientizacao-na-obra\/\"},\"wordCount\":780,\"commentCount\":49,\"publisher\":{\"@id\":\"https:\/\/www.bump.com.br\/blog\/#organization\"},\"articleSection\":[\"Sinaliza\u00e7\u00e3o de seguran\u00e7a\"],\"inLanguage\":\"pt-BR\",\"potentialAction\":[{\"@type\":\"CommentAction\",\"name\":\"Comment\",\"target\":[\"https:\/\/www.bump.com.br\/blog\/placas-de-conscientizacao-na-obra\/#respond\"]}]},{\"@type\":\"WebPage\",\"@id\":\"https:\/\/www.bump.com.br\/blog\/placas-de-conscientizacao-na-obra\/\",\"url\":\"https:\/\/www.bump.com.br\/blog\/placas-de-conscientizacao-na-obra\/\",\"name\":\"Placas de Conscientiza\u00e7\u00e3o na Obra \u2013 Seguran\u00e7a, organiza\u00e7\u00e3o e bem-estar\",\"isPartOf\":{\"@id\":\"https:\/\/www.bump.com.br\/blog\/#website\"},\"datePublished\":\"2019-11-22T13:15:33+00:00\",\"dateModified\":\"2023-02-22T13:18:01+00:00\",\"description\":\"Compreenda sobre as placas de conscientiza\u00e7\u00e3o na obra e a fun\u00e7\u00e3o que cumprem de prevenir acidentes, orientar comportamentos, etc.\",\"breadcrumb\":{\"@id\":\"https:\/\/www.bump.com.br\/blog\/placas-de-conscientizacao-na-obra\/#breadcrumb\"},\"inLanguage\":\"pt-BR\",\"potentialAction\":[{\"@type\":\"ReadAction\",\"target\":[\"https:\/\/www.bump.com.br\/blog\/placas-de-conscientizacao-na-obra\/\"]}]},{\"@type\":\"BreadcrumbList\",\"@id\":\"https:\/\/www.bump.com.br\/blog\/placas-de-conscientizacao-na-obra\/#breadcrumb\",\"itemListElement\":[{\"@type\":\"ListItem\",\"position\":1,\"name\":\"Home\",\"item\":\"https:\/\/www.bump.com.br\/blog\/\"},{\"@type\":\"ListItem\",\"position\":2,\"name\":\"Placas de Conscientiza\u00e7\u00e3o na Obra \u2013 Seguran\u00e7a, organiza\u00e7\u00e3o e bem-estar\"}]},{\"@type\":\"WebSite\",\"@id\":\"https:\/\/www.bump.com.br\/blog\/#website\",\"url\":\"https:\/\/www.bump.com.br\/blog\/\",\"name\":\"Bump Comunica\u00e7\u00e3o Visual\",\"description\":\"\",\"publisher\":{\"@id\":\"https:\/\/www.bump.com.br\/blog\/#organization\"},\"potentialAction\":[{\"@type\":\"SearchAction\",\"target\":{\"@type\":\"EntryPoint\",\"urlTemplate\":\"https:\/\/www.bump.com.br\/blog\/?s={search_term_string}\"},\"query-input\":\"required name=search_term_string\"}],\"inLanguage\":\"pt-BR\"},{\"@type\":\"Organization\",\"@id\":\"https:\/\/www.bump.com.br\/blog\/#organization\",\"name\":\"Bump Comunica\u00e7\u00e3o Visual\",\"url\":\"https:\/\/www.bump.com.br\/blog\/\",\"logo\":{\"@type\":\"ImageObject\",\"inLanguage\":\"pt-BR\",\"@id\":\"https:\/\/www.bump.com.br\/blog\/#\/schema\/logo\/image\/\",\"url\":\"https:\/\/www.bump.com.br\/blog\/wp-content\/uploads\/2023\/08\/logo-bump-1948x1948-1.jpg\",\"contentUrl\":\"https:\/\/www.bump.com.br\/blog\/wp-content\/uploads\/2023\/08\/logo-bump-1948x1948-1.jpg\",\"width\":1948,\"height\":1948,\"caption\":\"Bump Comunica\u00e7\u00e3o Visual\"},\"image\":{\"@id\":\"https:\/\/www.bump.com.br\/blog\/#\/schema\/logo\/image\/\"}},{\"@type\":\"Person\",\"@id\":\"https:\/\/www.bump.com.br\/blog\/#\/schema\/person\/38e45c1500dcea5480ab560e12a44a6a\",\"name\":\"bump\",\"url\":\"https:\/\/www.bump.com.br\/blog\/author\/bump\/\"}]}<\/script>\n<!-- \/ Yoast SEO plugin. -->","yoast_head_json":{"title":"Placas de Conscientiza\u00e7\u00e3o na Obra \u2013 Seguran\u00e7a, organiza\u00e7\u00e3o e bem-estar","description":"Compreenda sobre as placas de conscientiza\u00e7\u00e3o na obra e a fun\u00e7\u00e3o que cumprem de prevenir acidentes, orientar comportamentos, etc.","robots":{"index":"index","follow":"follow","max-snippet":"max-snippet:-1","max-image-preview":"max-image-preview:large","max-video-preview":"max-video-preview:-1"},"canonical":"https:\/\/www.bump.com.br\/blog\/placas-de-conscientizacao-na-obra\/","og_locale":"pt_BR","og_type":"article","og_title":"Placas de Conscientiza\u00e7\u00e3o na Obra \u2013 Seguran\u00e7a, organiza\u00e7\u00e3o e bem-estar","og_description":"Compreenda sobre as placas de conscientiza\u00e7\u00e3o na obra e a fun\u00e7\u00e3o que cumprem de prevenir acidentes, orientar comportamentos, etc.","og_url":"https:\/\/www.bump.com.br\/blog\/placas-de-conscientizacao-na-obra\/","og_site_name":"Bump Comunica\u00e7\u00e3o Visual","article_published_time":"2019-11-22T13:15:33+00:00","article_modified_time":"2023-02-22T13:18:01+00:00","og_image":[{"width":1140,"height":871,"url":"http:\/\/www.bump.com.br\/blog\/wp-content\/uploads\/2019\/11\/higiene.jpg","type":"image\/jpeg"}],"author":"bump","twitter_card":"summary_large_image","twitter_misc":{"Escrito por":"bump","Est. tempo de leitura":"5 minutos"},"schema":{"@context":"https:\/\/schema.org","@graph":[{"@type":"Article","@id":"https:\/\/www.bump.com.br\/blog\/placas-de-conscientizacao-na-obra\/#article","isPartOf":{"@id":"https:\/\/www.bump.com.br\/blog\/placas-de-conscientizacao-na-obra\/"},"author":{"name":"bump","@id":"https:\/\/www.bump.com.br\/blog\/#\/schema\/person\/38e45c1500dcea5480ab560e12a44a6a"},"headline":"Placas de Conscientiza\u00e7\u00e3o na Obra \u2013 Seguran\u00e7a, organiza\u00e7\u00e3o e bem-estar","datePublished":"2019-11-22T13:15:33+00:00","dateModified":"2023-02-22T13:18:01+00:00","mainEntityOfPage":{"@id":"https:\/\/www.bump.com.br\/blog\/placas-de-conscientizacao-na-obra\/"},"wordCount":780,"commentCount":49,"publisher":{"@id":"https:\/\/www.bump.com.br\/blog\/#organization"},"articleSection":["Sinaliza\u00e7\u00e3o de seguran\u00e7a"],"inLanguage":"pt-BR","potentialAction":[{"@type":"CommentAction","name":"Comment","target":["https:\/\/www.bump.com.br\/blog\/placas-de-conscientizacao-na-obra\/#respond"]}]},{"@type":"WebPage","@id":"https:\/\/www.bump.com.br\/blog\/placas-de-conscientizacao-na-obra\/","url":"https:\/\/www.bump.com.br\/blog\/placas-de-conscientizacao-na-obra\/","name":"Placas de Conscientiza\u00e7\u00e3o na Obra \u2013 Seguran\u00e7a, organiza\u00e7\u00e3o e bem-estar","isPartOf":{"@id":"https:\/\/www.bump.com.br\/blog\/#website"},"datePublished":"2019-11-22T13:15:33+00:00","dateModified":"2023-02-22T13:18:01+00:00","description":"Compreenda sobre as placas de conscientiza\u00e7\u00e3o na obra e a fun\u00e7\u00e3o que cumprem de prevenir acidentes, orientar comportamentos, etc.","breadcrumb":{"@id":"https:\/\/www.bump.com.br\/blog\/placas-de-conscientizacao-na-obra\/#breadcrumb"},"inLanguage":"pt-BR","potentialAction":[{"@type":"ReadAction","target":["https:\/\/www.bump.com.br\/blog\/placas-de-conscientizacao-na-obra\/"]}]},{"@type":"BreadcrumbList","@id":"https:\/\/www.bump.com.br\/blog\/placas-de-conscientizacao-na-obra\/#breadcrumb","itemListElement":[{"@type":"ListItem","position":1,"name":"Home","item":"https:\/\/www.bump.com.br\/blog\/"},{"@type":"ListItem","position":2,"name":"Placas de Conscientiza\u00e7\u00e3o na Obra \u2013 Seguran\u00e7a, organiza\u00e7\u00e3o e bem-estar"}]},{"@type":"WebSite","@id":"https:\/\/www.bump.com.br\/blog\/#website","url":"https:\/\/www.bump.com.br\/blog\/","name":"Bump Comunica\u00e7\u00e3o Visual","description":"","publisher":{"@id":"https:\/\/www.bump.com.br\/blog\/#organization"},"potentialAction":[{"@type":"SearchAction","target":{"@type":"EntryPoint","urlTemplate":"https:\/\/www.bump.com.br\/blog\/?s={search_term_string}"},"query-input":"required name=search_term_string"}],"inLanguage":"pt-BR"},{"@type":"Organization","@id":"https:\/\/www.bump.com.br\/blog\/#organization","name":"Bump Comunica\u00e7\u00e3o Visual","url":"https:\/\/www.bump.com.br\/blog\/","logo":{"@type":"ImageObject","inLanguage":"pt-BR","@id":"https:\/\/www.bump.com.br\/blog\/#\/schema\/logo\/image\/","url":"https:\/\/www.bump.com.br\/blog\/wp-content\/uploads\/2023\/08\/logo-bump-1948x1948-1.jpg","contentUrl":"https:\/\/www.bump.com.br\/blog\/wp-content\/uploads\/2023\/08\/logo-bump-1948x1948-1.jpg","width":1948,"height":1948,"caption":"Bump Comunica\u00e7\u00e3o Visual"},"image":{"@id":"https:\/\/www.bump.com.br\/blog\/#\/schema\/logo\/image\/"}},{"@type":"Person","@id":"https:\/\/www.bump.com.br\/blog\/#\/schema\/person\/38e45c1500dcea5480ab560e12a44a6a","name":"bump","url":"https:\/\/www.bump.com.br\/blog\/author\/bump\/"}]}},"_links":{"self":[{"href":"https:\/\/www.bump.com.br\/blog\/wp-json\/wp\/v2\/posts\/263"}],"collection":[{"href":"https:\/\/www.bump.com.br\/blog\/wp-json\/wp\/v2\/posts"}],"about":[{"href":"https:\/\/www.bump.com.br\/blog\/wp-json\/wp\/v2\/types\/post"}],"author":[{"embeddable":true,"href":"https:\/\/www.bump.com.br\/blog\/wp-json\/wp\/v2\/users\/2"}],"replies":[{"embeddable":true,"href":"https:\/\/www.bump.com.br\/blog\/wp-json\/wp\/v2\/comments?post=263"}],"version-history":[{"count":3,"href":"https:\/\/www.bump.com.br\/blog\/wp-json\/wp\/v2\/posts\/263\/revisions"}],"predecessor-version":[{"id":610,"href":"https:\/\/www.bump.com.br\/blog\/wp-json\/wp\/v2\/posts\/263\/revisions\/610"}],"wp:featuredmedia":[{"embeddable":true,"href":"https:\/\/www.bump.com.br\/blog\/wp-json\/wp\/v2\/media\/264"}],"wp:attachment":[{"href":"https:\/\/www.bump.com.br\/blog\/wp-json\/wp\/v2\/media?parent=263"}],"wp:term":[{"taxonomy":"category","embeddable":true,"href":"https:\/\/www.bump.com.br\/blog\/wp-json\/wp\/v2\/categories?post=263"},{"taxonomy":"post_tag","embeddable":true,"href":"https:\/\/www.bump.com.br\/blog\/wp-json\/wp\/v2\/tags?post=263"}],"curies":[{"name":"wp","href":"https:\/\/api.w.org\/{rel}","templated":true}]}}