{"id":224,"date":"2019-10-24T20:25:15","date_gmt":"2019-10-24T22:25:15","guid":{"rendered":"http:\/\/www.bump.com.br\/blog\/?p=224"},"modified":"2023-02-22T10:06:45","modified_gmt":"2023-02-22T13:06:45","slug":"placas-de-sinalizacao-de-emergencia-saiba","status":"publish","type":"post","link":"https:\/\/www.bump.com.br\/blog\/placas-de-sinalizacao-de-emergencia-saiba\/","title":{"rendered":"Import\u00e2ncia das placas de sinaliza\u00e7\u00e3o de emerg\u00eancia \u2013 Fique por dentro"},"content":{"rendered":"<p>As placas de sinaliza\u00e7\u00e3o de emerg\u00eancia s\u00e3o imprescind\u00edveis em qualquer ambiente, de qualquer segmento, porque a finalidade desses recursos de sinaliza\u00e7\u00e3o \u00e9 garantir a seguran\u00e7a de todas as pessoas no local e em caso de acidente, evitar que o transtorno seja ainda maior.<\/p>\r\n<!-- \/wp:paragraph -->\r\n\r\n<!-- wp:paragraph -->\r\n<p>Ralph Chezzi, respons\u00e1vel pela Bump, tamb\u00e9m especializada na fabrica\u00e7\u00e3o de placas de sinaliza\u00e7\u00e3o de emerg\u00eancia, explica que essa \u00e9 uma regra segundo a norma regulamentadora NBR 13434:<\/p>\r\n<!-- \/wp:paragraph -->\r\n\r\n<!-- wp:paragraph -->\r\n<p><strong>\u201cA principal finalidade dessa NBR \u00e9 padronizar as formas, dimens\u00f5es e cores que s\u00e3o utilizadas na sinaliza\u00e7\u00e3o de seguran\u00e7a contra inc\u00eandio e p\u00e2nico nas edifica\u00e7\u00f5es. \u00c9 uma maneira de refor\u00e7ar as normas de seguran\u00e7a nos locais\u201d, acrescenta.<\/strong><\/p>\r\n<!-- \/wp:paragraph -->\r\n\r\n<!-- wp:paragraph -->\r\n<p><strong>Confira:<\/strong>\u00a0<a href=\"http:\/\/www.bump.com.br\/blog\/?p=221\" target=\"_blank\" rel=\"noreferrer noopener\">Placas de sinaliza\u00e7\u00e3o para constru\u00e7\u00e3o civil s\u00e3o fundamentais para garantir a seguran\u00e7a no local<\/a><\/p>\r\n<!-- \/wp:paragraph -->\r\n\r\n<!-- wp:heading {\"level\":3} -->\r\n<h2><strong>Particularidades das placas de sinaliza\u00e7\u00e3o de emerg\u00eancia<\/strong><\/h2>\r\n<!-- \/wp:heading -->\r\n\r\n<!-- wp:paragraph -->\r\n<p>Segundo a NBR 13434, a sinaliza\u00e7\u00e3o precisa contar com:<\/p>\r\n<!-- \/wp:paragraph -->\r\n\r\n<!-- wp:paragraph -->\r\n<p><strong>Cor de contraste<\/strong>\u00a0\u2013 Que tem a finalidade de fazer com que a cor da sinaliza\u00e7\u00e3o de seguran\u00e7a sobressaia;<\/p>\r\n<!-- \/wp:paragraph -->\r\n\r\n<!-- wp:paragraph -->\r\n<p><strong>Cor de seguran\u00e7a<\/strong>\u00a0\u2013 \u00c9 a cor que simboliza o significado espec\u00edfico da sinaliza\u00e7\u00e3o.<\/p>\r\n<!-- \/wp:paragraph -->\r\n\r\n<!-- wp:paragraph -->\r\n<p>A sinaliza\u00e7\u00e3o de seguran\u00e7a, segundo as normas, deve transmitir uma mensagem de seguran\u00e7a, que se utiliza de cor combinada a uma forma geom\u00e9trica. Essa jun\u00e7\u00e3o resulta em uma mensagem espec\u00edfica, que deve ser compreendida claramente por aqueles que se deparam com a sinaliza\u00e7\u00e3o.<\/p>\r\n<!-- \/wp:paragraph -->\r\n\r\n<!-- wp:paragraph -->\r\n<p>A maioria dos\u00a0<a href=\"http:\/\/www.bombeiros.pr.gov.br\/sites\/bombeiros\/arquivos_restritos\/files\/documento\/2018-12\/NPT_020.pdf\" target=\"_blank\" rel=\"noreferrer noopener\">c\u00f3digos do Corpo de Bombeiros<\/a>, nos estados brasileiros, frisa a import\u00e2ncia da sinaliza\u00e7\u00e3o b\u00e1sica de seguran\u00e7a, que comp\u00f5e:<\/p>\r\n<!-- \/wp:paragraph -->\r\n\r\n<!-- wp:paragraph -->\r\n<p><strong>Proibi\u00e7\u00e3o<\/strong>\u00a0&#8211; a sinaliza\u00e7\u00e3o de proibi\u00e7\u00e3o, como o pr\u00f3prio nome sugere, tem a finalidade de proibir e coibir a\u00e7\u00f5es que podem gerar como consequ\u00eancia inc\u00eandio ou o seu agravamento;<\/p>\r\n<!-- \/wp:paragraph -->\r\n\r\n<!-- wp:paragraph -->\r\n<p><strong>Alerta<\/strong>\u00a0\u2013 com a finalidade de alertar para \u00e1reas e materiais que apresentam potencial risco de inc\u00eandio, explos\u00e3o, choques el\u00e9tricos e contamina\u00e7\u00e3o por produtos perigosos;<\/p>\r\n<!-- \/wp:paragraph -->\r\n\r\n<!-- wp:paragraph -->\r\n<p><strong>Orienta\u00e7\u00e3o e Salvamento<\/strong>\u00a0\u2013 O objetivo \u00e9 indicar as rotas de sa\u00edda e as a\u00e7\u00f5es que devem ser tomadas para o seu acesso;<\/p>\r\n<!-- \/wp:paragraph -->\r\n\r\n<!-- wp:paragraph -->\r\n<p><strong>Equipamentos\u00a0<\/strong>\u2013 Nas placas de sinaliza\u00e7\u00e3o de emerg\u00eancia \u00e9 fundamental que as sinaliza\u00e7\u00f5es referentes \u00e0 localiza\u00e7\u00e3o e tipos de equipamentos de combate a inc\u00eandio e alarmes estejam vis\u00edveis e claras;<\/p>\r\n<!-- \/wp:paragraph -->\r\n\r\n<!-- wp:paragraph -->\r\n<p><strong>Sinaliza\u00e7\u00e3o complementar<\/strong>\u00a0\u2013 Fazem parte desse tipo de sinaliza\u00e7\u00e3o as faixas de cor ou mensagens que complementam a sinaliza\u00e7\u00e3o b\u00e1sica.<\/p>\r\n<!-- \/wp:paragraph -->\r\n\r\n<!-- wp:paragraph -->\r\n<p><strong>\u201cUma das finalidades da sinaliza\u00e7\u00e3o complementar \u00e9, por exemplo, a indica\u00e7\u00e3o continuada das rotas de sa\u00edda, que sinalizam o trajeto que deve ser percorrido por meio das rotas de fuga at\u00e9 \u00e0s sa\u00eddas de emerg\u00eancia\u201d, explica Chezzi.<\/strong><\/p>\r\n<!-- \/wp:paragraph -->\r\n\r\n<!-- wp:paragraph -->\r\n<p>As\u00a0<strong>placas de sinaliza\u00e7\u00e3o de seguran\u00e7a<\/strong>\u00a0devem estar presentes em todas as edifica\u00e7\u00f5es e \u00e1reas de risco.<\/p>\r\n<!-- \/wp:paragraph -->\r\n\r\n<!-- wp:paragraph -->\r\n<p>Dentre as principais sinaliza\u00e7\u00f5es est\u00e3o: indica\u00e7\u00e3o de rotas de fuga, placas de bombeiro, uso de equipamentos como extintor e mangueira, medidas de salvamento, entre outras.<\/p>\r\n<!-- \/wp:paragraph -->\r\n\r\n<!-- wp:paragraph -->\r\n<p>As\u00a0<a href=\"http:\/\/www.bump.com.br\/placa-de-sinalizacao\/placa-de-sinalizacao-bombeiro\" target=\"_blank\" rel=\"noreferrer noopener\">placas de sinaliza\u00e7\u00e3o para bombeiro<\/a>, por exemplo, \u00e9 um recurso de sinaliza\u00e7\u00e3o que utiliza um adesivo fotoluminescente que tem a finalidade de auxiliar o corpo de bombeiros a localizar prontamente os equipamentos para o combate ao inc\u00eandio na edifica\u00e7\u00e3o, como extintor, hidrante e mangueira de \u00e1gua.<\/p>\r\n<!-- \/wp:paragraph -->\r\n\r\n<!-- wp:paragraph -->\r\n<p><strong>Leia tamb\u00e9m:<\/strong>\u00a0<a href=\"http:\/\/www.bump.com.br\/blog\/?p=69\" target=\"_blank\" rel=\"noreferrer noopener\">Sinaliza\u00e7\u00e3o de emerg\u00eancia NBR \u2013 Toda empresa precisa? Confira as regras<\/a><\/p>\r\n<!-- \/wp:paragraph -->\r\n\r\n<!-- wp:paragraph -->\r\n<p>Al\u00e9m disso, as sinaliza\u00e7\u00f5es de rota de fuga e sa\u00eddas de emerg\u00eancia tamb\u00e9m ajudam os profissionais do corpo de bombeiros em casos de acidentes no local.<\/p>\r\n<!-- \/wp:paragraph -->\r\n\r\n<!-- wp:paragraph -->\r\n<p>H\u00e1 alguns requisitos para fixa\u00e7\u00e3o das placas de sinaliza\u00e7\u00e3o de emerg\u00eancia, dentre eles, \u00e9 fundamental que estejam destacadas no local dentre as demais placas e que n\u00e3o sejam \u201cinvalidadas\u201d visualmente por conta da decora\u00e7\u00e3o ou das cores das paredes, por exemplo. Os corredores s\u00e3o os locais de maior circula\u00e7\u00e3o em que geralmente essas placas est\u00e3o localizadas.<\/p>\r\n<!-- \/wp:paragraph -->\r\n\r\n<!-- wp:paragraph -->\r\n<p><strong>\u201cOutra particularidade das placas de sinaliza\u00e7\u00e3o de emerg\u00eancia \u00e9 que precisam ser produzidas com materiais fotoluminescentes, com materiais resistentes e que n\u00e3o gerem irregularidades no produto\u201d, esclarece Chezzi.<\/strong><\/p>\r\n<!-- \/wp:paragraph -->\r\n\r\n<!-- wp:paragraph -->\r\n<p>A falta de sinaliza\u00e7\u00e3o de emerg\u00eancia nas edifica\u00e7\u00f5es pode gerar multas e penaliza\u00e7\u00f5es que variam de acordo com o grau de periculosidade a que o local est\u00e1 exposto.<\/p>\r\n<!-- \/wp:paragraph -->","protected":false},"excerpt":{"rendered":"<p>As placas de sinaliza\u00e7\u00e3o de emerg\u00eancia s\u00e3o imprescind\u00edveis em qualquer ambiente, de qualquer segmento, porque a finalidade desses recursos de sinaliza\u00e7\u00e3o \u00e9 garantir a seguran\u00e7a de todas as pessoas no local e em caso de acidente, evitar que o transtorno seja ainda maior. Ralph Chezzi, respons\u00e1vel pela Bump, tamb\u00e9m especializada na fabrica\u00e7\u00e3o de placas de [&hellip;]<\/p>\n","protected":false},"author":2,"featured_media":108,"comment_status":"open","ping_status":"open","sticky":false,"template":"","format":"standard","meta":{"footnotes":""},"categories":[11],"tags":[],"yoast_head":"<!-- This site is optimized with the Yoast SEO plugin v21.0 - https:\/\/yoast.com\/wordpress\/plugins\/seo\/ -->\n<title>Import\u00e2ncia das placas de sinaliza\u00e7\u00e3o de emerg\u00eancia \u2013 Fique por dentro<\/title>\n<meta name=\"description\" content=\"Saiba o que envolve a comunica\u00e7\u00e3o das placas de sinaliza\u00e7\u00e3o de emerg\u00eancia e quais s\u00e3o as exig\u00eancias para a implanta\u00e7\u00e3o nos locais\" \/>\n<meta name=\"robots\" content=\"index, follow, max-snippet:-1, max-image-preview:large, max-video-preview:-1\" \/>\n<link rel=\"canonical\" href=\"https:\/\/www.bump.com.br\/blog\/placas-de-sinalizacao-de-emergencia-saiba\/\" \/>\n<meta property=\"og:locale\" content=\"pt_BR\" \/>\n<meta property=\"og:type\" content=\"article\" \/>\n<meta property=\"og:title\" content=\"Import\u00e2ncia das placas de sinaliza\u00e7\u00e3o de emerg\u00eancia \u2013 Fique por dentro\" \/>\n<meta property=\"og:description\" content=\"Saiba o que envolve a comunica\u00e7\u00e3o das placas de sinaliza\u00e7\u00e3o de emerg\u00eancia e quais s\u00e3o as exig\u00eancias para a implanta\u00e7\u00e3o nos locais\" \/>\n<meta property=\"og:url\" content=\"https:\/\/www.bump.com.br\/blog\/placas-de-sinalizacao-de-emergencia-saiba\/\" \/>\n<meta property=\"og:site_name\" content=\"Bump Comunica\u00e7\u00e3o Visual\" \/>\n<meta property=\"article:published_time\" content=\"2019-10-24T22:25:15+00:00\" \/>\n<meta property=\"article:modified_time\" content=\"2023-02-22T13:06:45+00:00\" \/>\n<meta property=\"og:image\" content=\"http:\/\/www.bump.com.br\/blog\/wp-content\/uploads\/2019\/08\/PHOTO-2019-08-15-11-59-48-1.jpg\" \/>\n\t<meta property=\"og:image:width\" content=\"960\" \/>\n\t<meta property=\"og:image:height\" content=\"1280\" \/>\n\t<meta property=\"og:image:type\" content=\"image\/jpeg\" \/>\n<meta name=\"author\" content=\"bump\" \/>\n<meta name=\"twitter:card\" content=\"summary_large_image\" \/>\n<meta name=\"twitter:label1\" content=\"Escrito por\" \/>\n\t<meta name=\"twitter:data1\" content=\"bump\" \/>\n\t<meta name=\"twitter:label2\" content=\"Est. tempo de leitura\" \/>\n\t<meta name=\"twitter:data2\" content=\"4 minutos\" \/>\n<script type=\"application\/ld+json\" class=\"yoast-schema-graph\">{\"@context\":\"https:\/\/schema.org\",\"@graph\":[{\"@type\":\"Article\",\"@id\":\"https:\/\/www.bump.com.br\/blog\/placas-de-sinalizacao-de-emergencia-saiba\/#article\",\"isPartOf\":{\"@id\":\"https:\/\/www.bump.com.br\/blog\/placas-de-sinalizacao-de-emergencia-saiba\/\"},\"author\":{\"name\":\"bump\",\"@id\":\"https:\/\/www.bump.com.br\/blog\/#\/schema\/person\/38e45c1500dcea5480ab560e12a44a6a\"},\"headline\":\"Import\u00e2ncia das placas de sinaliza\u00e7\u00e3o de emerg\u00eancia \u2013 Fique por dentro\",\"datePublished\":\"2019-10-24T22:25:15+00:00\",\"dateModified\":\"2023-02-22T13:06:45+00:00\",\"mainEntityOfPage\":{\"@id\":\"https:\/\/www.bump.com.br\/blog\/placas-de-sinalizacao-de-emergencia-saiba\/\"},\"wordCount\":738,\"commentCount\":32,\"publisher\":{\"@id\":\"https:\/\/www.bump.com.br\/blog\/#organization\"},\"articleSection\":[\"Sinaliza\u00e7\u00e3o de seguran\u00e7a\"],\"inLanguage\":\"pt-BR\",\"potentialAction\":[{\"@type\":\"CommentAction\",\"name\":\"Comment\",\"target\":[\"https:\/\/www.bump.com.br\/blog\/placas-de-sinalizacao-de-emergencia-saiba\/#respond\"]}]},{\"@type\":\"WebPage\",\"@id\":\"https:\/\/www.bump.com.br\/blog\/placas-de-sinalizacao-de-emergencia-saiba\/\",\"url\":\"https:\/\/www.bump.com.br\/blog\/placas-de-sinalizacao-de-emergencia-saiba\/\",\"name\":\"Import\u00e2ncia das placas de sinaliza\u00e7\u00e3o de emerg\u00eancia \u2013 Fique por dentro\",\"isPartOf\":{\"@id\":\"https:\/\/www.bump.com.br\/blog\/#website\"},\"datePublished\":\"2019-10-24T22:25:15+00:00\",\"dateModified\":\"2023-02-22T13:06:45+00:00\",\"description\":\"Saiba o que envolve a comunica\u00e7\u00e3o das placas de sinaliza\u00e7\u00e3o de emerg\u00eancia e quais s\u00e3o as exig\u00eancias para a implanta\u00e7\u00e3o nos locais\",\"breadcrumb\":{\"@id\":\"https:\/\/www.bump.com.br\/blog\/placas-de-sinalizacao-de-emergencia-saiba\/#breadcrumb\"},\"inLanguage\":\"pt-BR\",\"potentialAction\":[{\"@type\":\"ReadAction\",\"target\":[\"https:\/\/www.bump.com.br\/blog\/placas-de-sinalizacao-de-emergencia-saiba\/\"]}]},{\"@type\":\"BreadcrumbList\",\"@id\":\"https:\/\/www.bump.com.br\/blog\/placas-de-sinalizacao-de-emergencia-saiba\/#breadcrumb\",\"itemListElement\":[{\"@type\":\"ListItem\",\"position\":1,\"name\":\"Home\",\"item\":\"https:\/\/www.bump.com.br\/blog\/\"},{\"@type\":\"ListItem\",\"position\":2,\"name\":\"Import\u00e2ncia das placas de sinaliza\u00e7\u00e3o de emerg\u00eancia \u2013 Fique por dentro\"}]},{\"@type\":\"WebSite\",\"@id\":\"https:\/\/www.bump.com.br\/blog\/#website\",\"url\":\"https:\/\/www.bump.com.br\/blog\/\",\"name\":\"Bump Comunica\u00e7\u00e3o Visual\",\"description\":\"\",\"publisher\":{\"@id\":\"https:\/\/www.bump.com.br\/blog\/#organization\"},\"potentialAction\":[{\"@type\":\"SearchAction\",\"target\":{\"@type\":\"EntryPoint\",\"urlTemplate\":\"https:\/\/www.bump.com.br\/blog\/?s={search_term_string}\"},\"query-input\":\"required name=search_term_string\"}],\"inLanguage\":\"pt-BR\"},{\"@type\":\"Organization\",\"@id\":\"https:\/\/www.bump.com.br\/blog\/#organization\",\"name\":\"Bump Comunica\u00e7\u00e3o Visual\",\"url\":\"https:\/\/www.bump.com.br\/blog\/\",\"logo\":{\"@type\":\"ImageObject\",\"inLanguage\":\"pt-BR\",\"@id\":\"https:\/\/www.bump.com.br\/blog\/#\/schema\/logo\/image\/\",\"url\":\"https:\/\/www.bump.com.br\/blog\/wp-content\/uploads\/2023\/08\/logo-bump-1948x1948-1.jpg\",\"contentUrl\":\"https:\/\/www.bump.com.br\/blog\/wp-content\/uploads\/2023\/08\/logo-bump-1948x1948-1.jpg\",\"width\":1948,\"height\":1948,\"caption\":\"Bump Comunica\u00e7\u00e3o Visual\"},\"image\":{\"@id\":\"https:\/\/www.bump.com.br\/blog\/#\/schema\/logo\/image\/\"}},{\"@type\":\"Person\",\"@id\":\"https:\/\/www.bump.com.br\/blog\/#\/schema\/person\/38e45c1500dcea5480ab560e12a44a6a\",\"name\":\"bump\",\"url\":\"https:\/\/www.bump.com.br\/blog\/author\/bump\/\"}]}<\/script>\n<!-- \/ Yoast SEO plugin. -->","yoast_head_json":{"title":"Import\u00e2ncia das placas de sinaliza\u00e7\u00e3o de emerg\u00eancia \u2013 Fique por dentro","description":"Saiba o que envolve a comunica\u00e7\u00e3o das placas de sinaliza\u00e7\u00e3o de emerg\u00eancia e quais s\u00e3o as exig\u00eancias para a implanta\u00e7\u00e3o nos locais","robots":{"index":"index","follow":"follow","max-snippet":"max-snippet:-1","max-image-preview":"max-image-preview:large","max-video-preview":"max-video-preview:-1"},"canonical":"https:\/\/www.bump.com.br\/blog\/placas-de-sinalizacao-de-emergencia-saiba\/","og_locale":"pt_BR","og_type":"article","og_title":"Import\u00e2ncia das placas de sinaliza\u00e7\u00e3o de emerg\u00eancia \u2013 Fique por dentro","og_description":"Saiba o que envolve a comunica\u00e7\u00e3o das placas de sinaliza\u00e7\u00e3o de emerg\u00eancia e quais s\u00e3o as exig\u00eancias para a implanta\u00e7\u00e3o nos locais","og_url":"https:\/\/www.bump.com.br\/blog\/placas-de-sinalizacao-de-emergencia-saiba\/","og_site_name":"Bump Comunica\u00e7\u00e3o Visual","article_published_time":"2019-10-24T22:25:15+00:00","article_modified_time":"2023-02-22T13:06:45+00:00","og_image":[{"width":960,"height":1280,"url":"http:\/\/www.bump.com.br\/blog\/wp-content\/uploads\/2019\/08\/PHOTO-2019-08-15-11-59-48-1.jpg","type":"image\/jpeg"}],"author":"bump","twitter_card":"summary_large_image","twitter_misc":{"Escrito por":"bump","Est. tempo de leitura":"4 minutos"},"schema":{"@context":"https:\/\/schema.org","@graph":[{"@type":"Article","@id":"https:\/\/www.bump.com.br\/blog\/placas-de-sinalizacao-de-emergencia-saiba\/#article","isPartOf":{"@id":"https:\/\/www.bump.com.br\/blog\/placas-de-sinalizacao-de-emergencia-saiba\/"},"author":{"name":"bump","@id":"https:\/\/www.bump.com.br\/blog\/#\/schema\/person\/38e45c1500dcea5480ab560e12a44a6a"},"headline":"Import\u00e2ncia das placas de sinaliza\u00e7\u00e3o de emerg\u00eancia \u2013 Fique por dentro","datePublished":"2019-10-24T22:25:15+00:00","dateModified":"2023-02-22T13:06:45+00:00","mainEntityOfPage":{"@id":"https:\/\/www.bump.com.br\/blog\/placas-de-sinalizacao-de-emergencia-saiba\/"},"wordCount":738,"commentCount":32,"publisher":{"@id":"https:\/\/www.bump.com.br\/blog\/#organization"},"articleSection":["Sinaliza\u00e7\u00e3o de seguran\u00e7a"],"inLanguage":"pt-BR","potentialAction":[{"@type":"CommentAction","name":"Comment","target":["https:\/\/www.bump.com.br\/blog\/placas-de-sinalizacao-de-emergencia-saiba\/#respond"]}]},{"@type":"WebPage","@id":"https:\/\/www.bump.com.br\/blog\/placas-de-sinalizacao-de-emergencia-saiba\/","url":"https:\/\/www.bump.com.br\/blog\/placas-de-sinalizacao-de-emergencia-saiba\/","name":"Import\u00e2ncia das placas de sinaliza\u00e7\u00e3o de emerg\u00eancia \u2013 Fique por dentro","isPartOf":{"@id":"https:\/\/www.bump.com.br\/blog\/#website"},"datePublished":"2019-10-24T22:25:15+00:00","dateModified":"2023-02-22T13:06:45+00:00","description":"Saiba o que envolve a comunica\u00e7\u00e3o das placas de sinaliza\u00e7\u00e3o de emerg\u00eancia e quais s\u00e3o as exig\u00eancias para a implanta\u00e7\u00e3o nos locais","breadcrumb":{"@id":"https:\/\/www.bump.com.br\/blog\/placas-de-sinalizacao-de-emergencia-saiba\/#breadcrumb"},"inLanguage":"pt-BR","potentialAction":[{"@type":"ReadAction","target":["https:\/\/www.bump.com.br\/blog\/placas-de-sinalizacao-de-emergencia-saiba\/"]}]},{"@type":"BreadcrumbList","@id":"https:\/\/www.bump.com.br\/blog\/placas-de-sinalizacao-de-emergencia-saiba\/#breadcrumb","itemListElement":[{"@type":"ListItem","position":1,"name":"Home","item":"https:\/\/www.bump.com.br\/blog\/"},{"@type":"ListItem","position":2,"name":"Import\u00e2ncia das placas de sinaliza\u00e7\u00e3o de emerg\u00eancia \u2013 Fique por dentro"}]},{"@type":"WebSite","@id":"https:\/\/www.bump.com.br\/blog\/#website","url":"https:\/\/www.bump.com.br\/blog\/","name":"Bump Comunica\u00e7\u00e3o Visual","description":"","publisher":{"@id":"https:\/\/www.bump.com.br\/blog\/#organization"},"potentialAction":[{"@type":"SearchAction","target":{"@type":"EntryPoint","urlTemplate":"https:\/\/www.bump.com.br\/blog\/?s={search_term_string}"},"query-input":"required name=search_term_string"}],"inLanguage":"pt-BR"},{"@type":"Organization","@id":"https:\/\/www.bump.com.br\/blog\/#organization","name":"Bump Comunica\u00e7\u00e3o Visual","url":"https:\/\/www.bump.com.br\/blog\/","logo":{"@type":"ImageObject","inLanguage":"pt-BR","@id":"https:\/\/www.bump.com.br\/blog\/#\/schema\/logo\/image\/","url":"https:\/\/www.bump.com.br\/blog\/wp-content\/uploads\/2023\/08\/logo-bump-1948x1948-1.jpg","contentUrl":"https:\/\/www.bump.com.br\/blog\/wp-content\/uploads\/2023\/08\/logo-bump-1948x1948-1.jpg","width":1948,"height":1948,"caption":"Bump Comunica\u00e7\u00e3o Visual"},"image":{"@id":"https:\/\/www.bump.com.br\/blog\/#\/schema\/logo\/image\/"}},{"@type":"Person","@id":"https:\/\/www.bump.com.br\/blog\/#\/schema\/person\/38e45c1500dcea5480ab560e12a44a6a","name":"bump","url":"https:\/\/www.bump.com.br\/blog\/author\/bump\/"}]}},"_links":{"self":[{"href":"https:\/\/www.bump.com.br\/blog\/wp-json\/wp\/v2\/posts\/224"}],"collection":[{"href":"https:\/\/www.bump.com.br\/blog\/wp-json\/wp\/v2\/posts"}],"about":[{"href":"https:\/\/www.bump.com.br\/blog\/wp-json\/wp\/v2\/types\/post"}],"author":[{"embeddable":true,"href":"https:\/\/www.bump.com.br\/blog\/wp-json\/wp\/v2\/users\/2"}],"replies":[{"embeddable":true,"href":"https:\/\/www.bump.com.br\/blog\/wp-json\/wp\/v2\/comments?post=224"}],"version-history":[{"count":2,"href":"https:\/\/www.bump.com.br\/blog\/wp-json\/wp\/v2\/posts\/224\/revisions"}],"predecessor-version":[{"id":598,"href":"https:\/\/www.bump.com.br\/blog\/wp-json\/wp\/v2\/posts\/224\/revisions\/598"}],"wp:featuredmedia":[{"embeddable":true,"href":"https:\/\/www.bump.com.br\/blog\/wp-json\/wp\/v2\/media\/108"}],"wp:attachment":[{"href":"https:\/\/www.bump.com.br\/blog\/wp-json\/wp\/v2\/media?parent=224"}],"wp:term":[{"taxonomy":"category","embeddable":true,"href":"https:\/\/www.bump.com.br\/blog\/wp-json\/wp\/v2\/categories?post=224"},{"taxonomy":"post_tag","embeddable":true,"href":"https:\/\/www.bump.com.br\/blog\/wp-json\/wp\/v2\/tags?post=224"}],"curies":[{"name":"wp","href":"https:\/\/api.w.org\/{rel}","templated":true}]}}