{"id":1684,"date":"2026-05-01T14:30:15","date_gmt":"2026-05-01T17:30:15","guid":{"rendered":"https:\/\/www.bump.com.br\/blog\/?p=1684"},"modified":"2026-04-20T14:32:57","modified_gmt":"2026-04-20T17:32:57","slug":"a-importancia-da-sinalizacao-em-elevadores-e-areas-de-circulacao-vertical","status":"publish","type":"post","link":"https:\/\/www.bump.com.br\/blog\/a-importancia-da-sinalizacao-em-elevadores-e-areas-de-circulacao-vertical\/","title":{"rendered":"A import\u00e2ncia da sinaliza\u00e7\u00e3o em elevadores e \u00e1reas de circula\u00e7\u00e3o vertical"},"content":{"rendered":"<p><span style=\"font-weight: 400;\">Em edif\u00edcios corporativos, hospitais, hot\u00e9is e centros comerciais, as \u00e1reas de circula\u00e7\u00e3o vertical, como elevadores, escadas e rampas, s\u00e3o pontos cr\u00edticos de deslocamento. Esses espa\u00e7os concentram fluxo constante de pessoas e exigem orienta\u00e7\u00e3o clara para garantir seguran\u00e7a, acessibilidade e organiza\u00e7\u00e3o. Nesse contexto, a sinaliza\u00e7\u00e3o desempenha um papel essencial ao guiar usu\u00e1rios e evitar confus\u00f5es.<\/span><\/p>\n<p><span style=\"font-weight: 400;\">Mais do que indicar caminhos, a comunica\u00e7\u00e3o visual nessas \u00e1reas contribui diretamente para a experi\u00eancia, a seguran\u00e7a e a efici\u00eancia do ambiente.<\/span><\/p>\n<h2><span style=\"color: #800080;\"><b>Orienta\u00e7\u00e3o em pontos de alto fluxo<\/b><\/span><\/h2>\n<p><span style=\"font-weight: 400;\">Elevadores e escadas s\u00e3o utilizados por praticamente todos que circulam em um edif\u00edcio. Visitantes, colaboradores e prestadores de servi\u00e7o dependem dessas estruturas para se deslocar entre andares.<\/span><\/p>\n<p><span style=\"font-weight: 400;\">A sinaliza\u00e7\u00e3o adequada permite identificar rapidamente onde est\u00e3o os acessos, quais andares s\u00e3o atendidos e qual o caminho correto a seguir. Placas indicativas e diret\u00f3rios pr\u00f3ximos aos elevadores ajudam a reduzir d\u00favidas e evitam deslocamentos desnecess\u00e1rios.<\/span><\/p>\n<h2><span style=\"color: #800080;\"><b>Redu\u00e7\u00e3o de confus\u00e3o e tempo de espera<\/b><\/span><\/h2>\n<p><span style=\"font-weight: 400;\">Ambientes sem sinaliza\u00e7\u00e3o clara em \u00e1reas verticais tendem a gerar d\u00favidas frequentes. Pessoas que n\u00e3o conhecem o espa\u00e7o podem se dirigir ao elevador errado, escolher rotas inadequadas ou depender de orienta\u00e7\u00e3o constante.<\/span><\/p>\n<p><span style=\"font-weight: 400;\">Com uma comunica\u00e7\u00e3o visual bem estruturada, \u00e9 poss\u00edvel organizar melhor o fluxo, reduzir filas e otimizar o uso dos elevadores. Informa\u00e7\u00f5es claras agilizam a tomada de decis\u00e3o e tornam a circula\u00e7\u00e3o mais eficiente.<\/span><\/p>\n<h2><span style=\"color: #800080;\"><b>Seguran\u00e7a em situa\u00e7\u00f5es de emerg\u00eancia<\/b><\/span><\/h2>\n<p><span style=\"font-weight: 400;\">Em momentos cr\u00edticos, como evacua\u00e7\u00f5es, as \u00e1reas de circula\u00e7\u00e3o vertical assumem um papel ainda mais importante. A sinaliza\u00e7\u00e3o precisa indicar com clareza alternativas seguras, como escadas de emerg\u00eancia, e orientar o comportamento das pessoas.<\/span><\/p>\n<p><span style=\"font-weight: 400;\">A presen\u00e7a de placas vis\u00edveis e bem posicionadas reduz o risco de decis\u00f5es equivocadas e contribui para uma evacua\u00e7\u00e3o mais organizada. A comunica\u00e7\u00e3o visual, nesse caso, atua diretamente na preserva\u00e7\u00e3o da seguran\u00e7a.<\/span><\/p>\n<h2><span style=\"color: #800080;\"><b>Acessibilidade e autonomia<\/b><\/span><\/h2>\n<p><span style=\"font-weight: 400;\">A sinaliza\u00e7\u00e3o em elevadores e escadas tamb\u00e9m \u00e9 fundamental para garantir acessibilidade. Placas em braille, identifica\u00e7\u00e3o t\u00e1til e integra\u00e7\u00e3o com piso t\u00e1til permitem que pessoas com defici\u00eancia visual se orientem com mais autonomia.<\/span><\/p>\n<p><span style=\"font-weight: 400;\">Esses recursos tornam o ambiente mais inclusivo e funcional, garantindo que todos consigam se deslocar com seguran\u00e7a, independentemente de suas limita\u00e7\u00f5es.<\/span><\/p>\n<h2><span style=\"color: #800080;\"><b>Padroniza\u00e7\u00e3o e integra\u00e7\u00e3o visual<\/b><\/span><\/h2>\n<p><span style=\"font-weight: 400;\">Para que a sinaliza\u00e7\u00e3o seja eficiente, \u00e9 essencial manter um padr\u00e3o visual consistente. Cores, s\u00edmbolos e tipografia devem seguir uma l\u00f3gica clara, facilitando a leitura e o reconhecimento das informa\u00e7\u00f5es.<\/span><\/p>\n<p><span style=\"font-weight: 400;\">Al\u00e9m disso, a sinaliza\u00e7\u00e3o em \u00e1reas de circula\u00e7\u00e3o vertical precisa estar integrada ao restante da comunica\u00e7\u00e3o visual do ambiente. Isso garante continuidade na orienta\u00e7\u00e3o e evita conflitos de informa\u00e7\u00e3o.<\/span><\/p>\n<h2><span style=\"color: #800080;\"><b>Comunica\u00e7\u00e3o visual como parte da experi\u00eancia do usu\u00e1rio<\/b><\/span><\/h2>\n<p><span style=\"font-weight: 400;\">A forma como um ambiente orienta seus usu\u00e1rios impacta diretamente na percep\u00e7\u00e3o de organiza\u00e7\u00e3o e qualidade. Elevadores e escadas s\u00e3o pontos de contato frequentes, e a aus\u00eancia de sinaliza\u00e7\u00e3o adequada pode gerar desconforto e inseguran\u00e7a.<\/span><\/p>\n<p><span style=\"font-weight: 400;\">Investir em comunica\u00e7\u00e3o visual nessas \u00e1reas melhora a experi\u00eancia de quem circula pelo espa\u00e7o, tornando o deslocamento mais intuitivo e eficiente.<\/span><\/p>\n<p><span style=\"font-weight: 400;\">A Bump Comunica\u00e7\u00e3o Visual desenvolve solu\u00e7\u00f5es completas de sinaliza\u00e7\u00e3o para ambientes corporativos, incluindo placas indicativas, sinaliza\u00e7\u00e3o de seguran\u00e7a, sistemas de acessibilidade e comunica\u00e7\u00e3o visual integrada. Com planejamento estrat\u00e9gico e execu\u00e7\u00e3o especializada, \u00e9 poss\u00edvel transformar \u00e1reas de circula\u00e7\u00e3o vertical em espa\u00e7os mais organizados, seguros e preparados para atender todos os p\u00fablicos.<\/span><\/p>\n<p>&nbsp;<\/p>\n","protected":false},"excerpt":{"rendered":"<p>Em edif\u00edcios corporativos, hospitais, hot\u00e9is e centros comerciais, as \u00e1reas de circula\u00e7\u00e3o vertical, como elevadores, escadas e rampas, s\u00e3o pontos cr\u00edticos de deslocamento. Esses espa\u00e7os concentram fluxo constante de pessoas e exigem orienta\u00e7\u00e3o clara para garantir seguran\u00e7a, acessibilidade e organiza\u00e7\u00e3o. Nesse contexto, a sinaliza\u00e7\u00e3o desempenha um papel essencial ao guiar usu\u00e1rios e evitar confus\u00f5es. Mais [&hellip;]<\/p>\n","protected":false},"author":2,"featured_media":1685,"comment_status":"closed","ping_status":"closed","sticky":false,"template":"","format":"standard","meta":{"footnotes":""},"categories":[12],"tags":[],"yoast_head":"<!-- This site is optimized with the Yoast SEO plugin v21.0 - https:\/\/yoast.com\/wordpress\/plugins\/seo\/ -->\n<title>A import\u00e2ncia da sinaliza\u00e7\u00e3o em elevadores e \u00e1reas de circula\u00e7\u00e3o vertical<\/title>\n<meta name=\"robots\" content=\"index, follow, max-snippet:-1, max-image-preview:large, max-video-preview:-1\" \/>\n<link rel=\"canonical\" href=\"https:\/\/www.bump.com.br\/blog\/a-importancia-da-sinalizacao-em-elevadores-e-areas-de-circulacao-vertical\/\" \/>\n<meta property=\"og:locale\" content=\"pt_BR\" \/>\n<meta property=\"og:type\" content=\"article\" \/>\n<meta property=\"og:title\" content=\"A import\u00e2ncia da sinaliza\u00e7\u00e3o em elevadores e \u00e1reas de circula\u00e7\u00e3o vertical\" \/>\n<meta property=\"og:description\" content=\"Em edif\u00edcios corporativos, hospitais, hot\u00e9is e centros comerciais, as \u00e1reas de circula\u00e7\u00e3o vertical, como elevadores, escadas e rampas, s\u00e3o pontos cr\u00edticos de deslocamento. Esses espa\u00e7os concentram fluxo constante de pessoas e exigem orienta\u00e7\u00e3o clara para garantir seguran\u00e7a, acessibilidade e organiza\u00e7\u00e3o. Nesse contexto, a sinaliza\u00e7\u00e3o desempenha um papel essencial ao guiar usu\u00e1rios e evitar confus\u00f5es. Mais [&hellip;]\" \/>\n<meta property=\"og:url\" content=\"https:\/\/www.bump.com.br\/blog\/a-importancia-da-sinalizacao-em-elevadores-e-areas-de-circulacao-vertical\/\" \/>\n<meta property=\"og:site_name\" content=\"Bump Comunica\u00e7\u00e3o Visual\" \/>\n<meta property=\"article:published_time\" content=\"2026-05-01T17:30:15+00:00\" \/>\n<meta property=\"article:modified_time\" content=\"2026-04-20T17:32:57+00:00\" \/>\n<meta property=\"og:image\" content=\"https:\/\/www.bump.com.br\/blog\/wp-content\/uploads\/2026\/04\/Copia-de-bp-blog-8.png\" \/>\n\t<meta property=\"og:image:width\" content=\"1400\" \/>\n\t<meta property=\"og:image:height\" content=\"800\" \/>\n\t<meta property=\"og:image:type\" content=\"image\/png\" \/>\n<meta name=\"author\" content=\"bump\" \/>\n<meta name=\"twitter:card\" content=\"summary_large_image\" \/>\n<meta name=\"twitter:label1\" content=\"Escrito por\" \/>\n\t<meta name=\"twitter:data1\" content=\"bump\" \/>\n\t<meta name=\"twitter:label2\" content=\"Est. tempo de leitura\" \/>\n\t<meta name=\"twitter:data2\" content=\"3 minutos\" \/>\n<script type=\"application\/ld+json\" class=\"yoast-schema-graph\">{\"@context\":\"https:\/\/schema.org\",\"@graph\":[{\"@type\":\"Article\",\"@id\":\"https:\/\/www.bump.com.br\/blog\/a-importancia-da-sinalizacao-em-elevadores-e-areas-de-circulacao-vertical\/#article\",\"isPartOf\":{\"@id\":\"https:\/\/www.bump.com.br\/blog\/a-importancia-da-sinalizacao-em-elevadores-e-areas-de-circulacao-vertical\/\"},\"author\":{\"name\":\"bump\",\"@id\":\"https:\/\/www.bump.com.br\/blog\/#\/schema\/person\/38e45c1500dcea5480ab560e12a44a6a\"},\"headline\":\"A import\u00e2ncia da sinaliza\u00e7\u00e3o em elevadores e \u00e1reas de circula\u00e7\u00e3o vertical\",\"datePublished\":\"2026-05-01T17:30:15+00:00\",\"dateModified\":\"2026-04-20T17:32:57+00:00\",\"mainEntityOfPage\":{\"@id\":\"https:\/\/www.bump.com.br\/blog\/a-importancia-da-sinalizacao-em-elevadores-e-areas-de-circulacao-vertical\/\"},\"wordCount\":634,\"publisher\":{\"@id\":\"https:\/\/www.bump.com.br\/blog\/#organization\"},\"articleSection\":[\"Acessibilidade\"],\"inLanguage\":\"pt-BR\"},{\"@type\":\"WebPage\",\"@id\":\"https:\/\/www.bump.com.br\/blog\/a-importancia-da-sinalizacao-em-elevadores-e-areas-de-circulacao-vertical\/\",\"url\":\"https:\/\/www.bump.com.br\/blog\/a-importancia-da-sinalizacao-em-elevadores-e-areas-de-circulacao-vertical\/\",\"name\":\"A import\u00e2ncia da sinaliza\u00e7\u00e3o em elevadores e \u00e1reas de circula\u00e7\u00e3o vertical\",\"isPartOf\":{\"@id\":\"https:\/\/www.bump.com.br\/blog\/#website\"},\"datePublished\":\"2026-05-01T17:30:15+00:00\",\"dateModified\":\"2026-04-20T17:32:57+00:00\",\"breadcrumb\":{\"@id\":\"https:\/\/www.bump.com.br\/blog\/a-importancia-da-sinalizacao-em-elevadores-e-areas-de-circulacao-vertical\/#breadcrumb\"},\"inLanguage\":\"pt-BR\",\"potentialAction\":[{\"@type\":\"ReadAction\",\"target\":[\"https:\/\/www.bump.com.br\/blog\/a-importancia-da-sinalizacao-em-elevadores-e-areas-de-circulacao-vertical\/\"]}]},{\"@type\":\"BreadcrumbList\",\"@id\":\"https:\/\/www.bump.com.br\/blog\/a-importancia-da-sinalizacao-em-elevadores-e-areas-de-circulacao-vertical\/#breadcrumb\",\"itemListElement\":[{\"@type\":\"ListItem\",\"position\":1,\"name\":\"Home\",\"item\":\"https:\/\/www.bump.com.br\/blog\/\"},{\"@type\":\"ListItem\",\"position\":2,\"name\":\"A import\u00e2ncia da sinaliza\u00e7\u00e3o em elevadores e \u00e1reas de circula\u00e7\u00e3o vertical\"}]},{\"@type\":\"WebSite\",\"@id\":\"https:\/\/www.bump.com.br\/blog\/#website\",\"url\":\"https:\/\/www.bump.com.br\/blog\/\",\"name\":\"Bump Comunica\u00e7\u00e3o Visual\",\"description\":\"\",\"publisher\":{\"@id\":\"https:\/\/www.bump.com.br\/blog\/#organization\"},\"potentialAction\":[{\"@type\":\"SearchAction\",\"target\":{\"@type\":\"EntryPoint\",\"urlTemplate\":\"https:\/\/www.bump.com.br\/blog\/?s={search_term_string}\"},\"query-input\":\"required name=search_term_string\"}],\"inLanguage\":\"pt-BR\"},{\"@type\":\"Organization\",\"@id\":\"https:\/\/www.bump.com.br\/blog\/#organization\",\"name\":\"Bump Comunica\u00e7\u00e3o Visual\",\"url\":\"https:\/\/www.bump.com.br\/blog\/\",\"logo\":{\"@type\":\"ImageObject\",\"inLanguage\":\"pt-BR\",\"@id\":\"https:\/\/www.bump.com.br\/blog\/#\/schema\/logo\/image\/\",\"url\":\"https:\/\/www.bump.com.br\/blog\/wp-content\/uploads\/2023\/08\/logo-bump-1948x1948-1.jpg\",\"contentUrl\":\"https:\/\/www.bump.com.br\/blog\/wp-content\/uploads\/2023\/08\/logo-bump-1948x1948-1.jpg\",\"width\":1948,\"height\":1948,\"caption\":\"Bump Comunica\u00e7\u00e3o Visual\"},\"image\":{\"@id\":\"https:\/\/www.bump.com.br\/blog\/#\/schema\/logo\/image\/\"}},{\"@type\":\"Person\",\"@id\":\"https:\/\/www.bump.com.br\/blog\/#\/schema\/person\/38e45c1500dcea5480ab560e12a44a6a\",\"name\":\"bump\",\"url\":\"https:\/\/www.bump.com.br\/blog\/author\/bump\/\"}]}<\/script>\n<!-- \/ Yoast SEO plugin. -->","yoast_head_json":{"title":"A import\u00e2ncia da sinaliza\u00e7\u00e3o em elevadores e \u00e1reas de circula\u00e7\u00e3o vertical","robots":{"index":"index","follow":"follow","max-snippet":"max-snippet:-1","max-image-preview":"max-image-preview:large","max-video-preview":"max-video-preview:-1"},"canonical":"https:\/\/www.bump.com.br\/blog\/a-importancia-da-sinalizacao-em-elevadores-e-areas-de-circulacao-vertical\/","og_locale":"pt_BR","og_type":"article","og_title":"A import\u00e2ncia da sinaliza\u00e7\u00e3o em elevadores e \u00e1reas de circula\u00e7\u00e3o vertical","og_description":"Em edif\u00edcios corporativos, hospitais, hot\u00e9is e centros comerciais, as \u00e1reas de circula\u00e7\u00e3o vertical, como elevadores, escadas e rampas, s\u00e3o pontos cr\u00edticos de deslocamento. Esses espa\u00e7os concentram fluxo constante de pessoas e exigem orienta\u00e7\u00e3o clara para garantir seguran\u00e7a, acessibilidade e organiza\u00e7\u00e3o. Nesse contexto, a sinaliza\u00e7\u00e3o desempenha um papel essencial ao guiar usu\u00e1rios e evitar confus\u00f5es. Mais [&hellip;]","og_url":"https:\/\/www.bump.com.br\/blog\/a-importancia-da-sinalizacao-em-elevadores-e-areas-de-circulacao-vertical\/","og_site_name":"Bump Comunica\u00e7\u00e3o Visual","article_published_time":"2026-05-01T17:30:15+00:00","article_modified_time":"2026-04-20T17:32:57+00:00","og_image":[{"width":1400,"height":800,"url":"https:\/\/www.bump.com.br\/blog\/wp-content\/uploads\/2026\/04\/Copia-de-bp-blog-8.png","type":"image\/png"}],"author":"bump","twitter_card":"summary_large_image","twitter_misc":{"Escrito por":"bump","Est. tempo de leitura":"3 minutos"},"schema":{"@context":"https:\/\/schema.org","@graph":[{"@type":"Article","@id":"https:\/\/www.bump.com.br\/blog\/a-importancia-da-sinalizacao-em-elevadores-e-areas-de-circulacao-vertical\/#article","isPartOf":{"@id":"https:\/\/www.bump.com.br\/blog\/a-importancia-da-sinalizacao-em-elevadores-e-areas-de-circulacao-vertical\/"},"author":{"name":"bump","@id":"https:\/\/www.bump.com.br\/blog\/#\/schema\/person\/38e45c1500dcea5480ab560e12a44a6a"},"headline":"A import\u00e2ncia da sinaliza\u00e7\u00e3o em elevadores e \u00e1reas de circula\u00e7\u00e3o vertical","datePublished":"2026-05-01T17:30:15+00:00","dateModified":"2026-04-20T17:32:57+00:00","mainEntityOfPage":{"@id":"https:\/\/www.bump.com.br\/blog\/a-importancia-da-sinalizacao-em-elevadores-e-areas-de-circulacao-vertical\/"},"wordCount":634,"publisher":{"@id":"https:\/\/www.bump.com.br\/blog\/#organization"},"articleSection":["Acessibilidade"],"inLanguage":"pt-BR"},{"@type":"WebPage","@id":"https:\/\/www.bump.com.br\/blog\/a-importancia-da-sinalizacao-em-elevadores-e-areas-de-circulacao-vertical\/","url":"https:\/\/www.bump.com.br\/blog\/a-importancia-da-sinalizacao-em-elevadores-e-areas-de-circulacao-vertical\/","name":"A import\u00e2ncia da sinaliza\u00e7\u00e3o em elevadores e \u00e1reas de circula\u00e7\u00e3o vertical","isPartOf":{"@id":"https:\/\/www.bump.com.br\/blog\/#website"},"datePublished":"2026-05-01T17:30:15+00:00","dateModified":"2026-04-20T17:32:57+00:00","breadcrumb":{"@id":"https:\/\/www.bump.com.br\/blog\/a-importancia-da-sinalizacao-em-elevadores-e-areas-de-circulacao-vertical\/#breadcrumb"},"inLanguage":"pt-BR","potentialAction":[{"@type":"ReadAction","target":["https:\/\/www.bump.com.br\/blog\/a-importancia-da-sinalizacao-em-elevadores-e-areas-de-circulacao-vertical\/"]}]},{"@type":"BreadcrumbList","@id":"https:\/\/www.bump.com.br\/blog\/a-importancia-da-sinalizacao-em-elevadores-e-areas-de-circulacao-vertical\/#breadcrumb","itemListElement":[{"@type":"ListItem","position":1,"name":"Home","item":"https:\/\/www.bump.com.br\/blog\/"},{"@type":"ListItem","position":2,"name":"A import\u00e2ncia da sinaliza\u00e7\u00e3o em elevadores e \u00e1reas de circula\u00e7\u00e3o vertical"}]},{"@type":"WebSite","@id":"https:\/\/www.bump.com.br\/blog\/#website","url":"https:\/\/www.bump.com.br\/blog\/","name":"Bump Comunica\u00e7\u00e3o Visual","description":"","publisher":{"@id":"https:\/\/www.bump.com.br\/blog\/#organization"},"potentialAction":[{"@type":"SearchAction","target":{"@type":"EntryPoint","urlTemplate":"https:\/\/www.bump.com.br\/blog\/?s={search_term_string}"},"query-input":"required name=search_term_string"}],"inLanguage":"pt-BR"},{"@type":"Organization","@id":"https:\/\/www.bump.com.br\/blog\/#organization","name":"Bump Comunica\u00e7\u00e3o Visual","url":"https:\/\/www.bump.com.br\/blog\/","logo":{"@type":"ImageObject","inLanguage":"pt-BR","@id":"https:\/\/www.bump.com.br\/blog\/#\/schema\/logo\/image\/","url":"https:\/\/www.bump.com.br\/blog\/wp-content\/uploads\/2023\/08\/logo-bump-1948x1948-1.jpg","contentUrl":"https:\/\/www.bump.com.br\/blog\/wp-content\/uploads\/2023\/08\/logo-bump-1948x1948-1.jpg","width":1948,"height":1948,"caption":"Bump Comunica\u00e7\u00e3o Visual"},"image":{"@id":"https:\/\/www.bump.com.br\/blog\/#\/schema\/logo\/image\/"}},{"@type":"Person","@id":"https:\/\/www.bump.com.br\/blog\/#\/schema\/person\/38e45c1500dcea5480ab560e12a44a6a","name":"bump","url":"https:\/\/www.bump.com.br\/blog\/author\/bump\/"}]}},"_links":{"self":[{"href":"https:\/\/www.bump.com.br\/blog\/wp-json\/wp\/v2\/posts\/1684"}],"collection":[{"href":"https:\/\/www.bump.com.br\/blog\/wp-json\/wp\/v2\/posts"}],"about":[{"href":"https:\/\/www.bump.com.br\/blog\/wp-json\/wp\/v2\/types\/post"}],"author":[{"embeddable":true,"href":"https:\/\/www.bump.com.br\/blog\/wp-json\/wp\/v2\/users\/2"}],"replies":[{"embeddable":true,"href":"https:\/\/www.bump.com.br\/blog\/wp-json\/wp\/v2\/comments?post=1684"}],"version-history":[{"count":1,"href":"https:\/\/www.bump.com.br\/blog\/wp-json\/wp\/v2\/posts\/1684\/revisions"}],"predecessor-version":[{"id":1686,"href":"https:\/\/www.bump.com.br\/blog\/wp-json\/wp\/v2\/posts\/1684\/revisions\/1686"}],"wp:featuredmedia":[{"embeddable":true,"href":"https:\/\/www.bump.com.br\/blog\/wp-json\/wp\/v2\/media\/1685"}],"wp:attachment":[{"href":"https:\/\/www.bump.com.br\/blog\/wp-json\/wp\/v2\/media?parent=1684"}],"wp:term":[{"taxonomy":"category","embeddable":true,"href":"https:\/\/www.bump.com.br\/blog\/wp-json\/wp\/v2\/categories?post=1684"},{"taxonomy":"post_tag","embeddable":true,"href":"https:\/\/www.bump.com.br\/blog\/wp-json\/wp\/v2\/tags?post=1684"}],"curies":[{"name":"wp","href":"https:\/\/api.w.org\/{rel}","templated":true}]}}