{"id":1589,"date":"2026-01-21T11:38:42","date_gmt":"2026-01-21T14:38:42","guid":{"rendered":"https:\/\/www.bump.com.br\/blog\/?p=1589"},"modified":"2026-01-12T11:50:38","modified_gmt":"2026-01-12T14:50:38","slug":"como-a-sinalizacao-correta-influencia-a-primeira-impressao-em-edificios-corporativos","status":"publish","type":"post","link":"https:\/\/www.bump.com.br\/blog\/como-a-sinalizacao-correta-influencia-a-primeira-impressao-em-edificios-corporativos\/","title":{"rendered":"Como a sinaliza\u00e7\u00e3o correta influencia a primeira impress\u00e3o em edif\u00edcios corporativos"},"content":{"rendered":"<p><span style=\"font-weight: 400;\">A primeira impress\u00e3o de um edif\u00edcio corporativo \u00e9 formada nos primeiros instantes de contato com o espa\u00e7o. Antes mesmo de qualquer intera\u00e7\u00e3o com recepcionistas ou equipes internas, a comunica\u00e7\u00e3o visual j\u00e1 transmite mensagens sobre organiza\u00e7\u00e3o, profissionalismo e cuidado com as pessoas. Nesse contexto, a sinaliza\u00e7\u00e3o correta exerce um papel estrat\u00e9gico, influenciando diretamente a percep\u00e7\u00e3o do visitante e a valoriza\u00e7\u00e3o do ambiente corporativo.<\/span><\/p>\n<h2><span style=\"color: #800080;\"><b>A sinaliza\u00e7\u00e3o como primeiro contato com a empresa<\/b><\/span><\/h2>\n<p><span style=\"font-weight: 400;\">Ao entrar em um edif\u00edcio corporativo, o visitante espera encontrar informa\u00e7\u00f5es claras e bem distribu\u00eddas. Placas indicativas, totens informativos, letreiros e diret\u00f3rios funcionam como o primeiro canal de comunica\u00e7\u00e3o entre o espa\u00e7o e o usu\u00e1rio. Quando essa sinaliza\u00e7\u00e3o \u00e9 eficiente, o deslocamento acontece de forma natural, transmitindo seguran\u00e7a e controle do ambiente.<\/span><\/p>\n<p><span style=\"font-weight: 400;\">A aus\u00eancia de orienta\u00e7\u00e3o visual ou o uso de pe\u00e7as improvisadas gera inseguran\u00e7a e confus\u00e3o, impactando negativamente a imagem da empresa. Um espa\u00e7o que n\u00e3o orienta corretamente passa a impress\u00e3o de desorganiza\u00e7\u00e3o, mesmo que a estrutura f\u00edsica seja moderna e bem planejada.<\/span><\/p>\n<h2><span style=\"color: #800080;\"><b>Organiza\u00e7\u00e3o visual e percep\u00e7\u00e3o de profissionalismo<\/b><\/span><\/h2>\n<p><span style=\"font-weight: 400;\">A comunica\u00e7\u00e3o visual bem estruturada demonstra que a empresa se preocupa com detalhes e com a experi\u00eancia de quem circula pelo local. Em edif\u00edcios corporativos, a sinaliza\u00e7\u00e3o contribui para a organiza\u00e7\u00e3o dos fluxos, identifica\u00e7\u00e3o de setores, salas, \u00e1reas comuns e acessos, criando um ambiente mais funcional e intuitivo.<\/span><\/p>\n<p><span style=\"font-weight: 400;\">Essa organiza\u00e7\u00e3o visual influencia diretamente a percep\u00e7\u00e3o de profissionalismo. Ambientes claros, bem sinalizados e coerentes visualmente refor\u00e7am a credibilidade da marca e fortalecem a imagem institucional diante de clientes, parceiros e colaboradores.<\/span><\/p>\n<h2><span style=\"color: #800080;\"><b>Padroniza\u00e7\u00e3o e identidade visual como diferencial<\/b><\/span><\/h2>\n<p><span style=\"font-weight: 400;\">Outro fator essencial para uma boa primeira impress\u00e3o \u00e9 a padroniza\u00e7\u00e3o da sinaliza\u00e7\u00e3o. Cores, tipografia, pictogramas e materiais devem estar alinhados \u00e0 identidade visual da empresa. Essa coer\u00eancia cria unidade visual e refor\u00e7a o reconhecimento da marca dentro do espa\u00e7o corporativo.<\/span><\/p>\n<p><span style=\"font-weight: 400;\">Quando placas, totens, adesivos e letreiros seguem um mesmo padr\u00e3o, o ambiente se torna mais agrad\u00e1vel e organizado. A sinaliza\u00e7\u00e3o deixa de ser apenas funcional e passa a integrar o projeto visual do edif\u00edcio, valorizando \u00e1reas internas e externas.<\/span><\/p>\n<h2><span style=\"color: #800080;\"><b>Legibilidade e posicionamento estrat\u00e9gico das pe\u00e7as<\/b><\/span><\/h2>\n<p><span style=\"font-weight: 400;\">A efici\u00eancia da sinaliza\u00e7\u00e3o depende diretamente da legibilidade das informa\u00e7\u00f5es. Textos objetivos, fontes adequadas e bom contraste visual permitem leitura r\u00e1pida, especialmente em ambientes de alto fluxo. Al\u00e9m disso, o posicionamento estrat\u00e9gico das pe\u00e7as garante que as informa\u00e7\u00f5es estejam sempre no campo visual do usu\u00e1rio, evitando deslocamentos desnecess\u00e1rios.<\/span><\/p>\n<p><span style=\"font-weight: 400;\">Totens em halls de entrada, placas indicativas em corredores e diret\u00f3rios pr\u00f3ximos aos acessos principais s\u00e3o exemplos de aplica\u00e7\u00f5es que facilitam a orienta\u00e7\u00e3o e melhoram a experi\u00eancia do visitante desde o primeiro contato com o espa\u00e7o.<\/span><\/p>\n<h2><span style=\"color: #800080;\"><b>Benef\u00edcios da sinaliza\u00e7\u00e3o correta no dia a dia corporativo<\/b><\/span><\/h2>\n<p><span style=\"font-weight: 400;\">Al\u00e9m de impactar positivamente visitantes, a sinaliza\u00e7\u00e3o adequada melhora a rotina dos colaboradores. Ambientes bem orientados reduzem d\u00favidas, otimizam deslocamentos internos e tornam o espa\u00e7o mais funcional. A comunica\u00e7\u00e3o visual atua como um apoio constante, contribuindo para a fluidez das atividades e para um ambiente mais organizado.<\/span><\/p>\n<p>&nbsp;<\/p>\n","protected":false},"excerpt":{"rendered":"<p>A primeira impress\u00e3o de um edif\u00edcio corporativo \u00e9 formada nos primeiros instantes de contato com o espa\u00e7o. Antes mesmo de qualquer intera\u00e7\u00e3o com recepcionistas ou equipes internas, a comunica\u00e7\u00e3o visual j\u00e1 transmite mensagens sobre organiza\u00e7\u00e3o, profissionalismo e cuidado com as pessoas. Nesse contexto, a sinaliza\u00e7\u00e3o correta exerce um papel estrat\u00e9gico, influenciando diretamente a percep\u00e7\u00e3o do [&hellip;]<\/p>\n","protected":false},"author":2,"featured_media":1594,"comment_status":"closed","ping_status":"closed","sticky":false,"template":"","format":"standard","meta":{"footnotes":""},"categories":[30],"tags":[],"yoast_head":"<!-- This site is optimized with the Yoast SEO plugin v21.0 - https:\/\/yoast.com\/wordpress\/plugins\/seo\/ -->\n<title>Como a sinaliza\u00e7\u00e3o correta influencia a primeira impress\u00e3o em edif\u00edcios corporativos<\/title>\n<meta name=\"robots\" content=\"index, follow, max-snippet:-1, max-image-preview:large, max-video-preview:-1\" \/>\n<link rel=\"canonical\" href=\"https:\/\/www.bump.com.br\/blog\/como-a-sinalizacao-correta-influencia-a-primeira-impressao-em-edificios-corporativos\/\" \/>\n<meta property=\"og:locale\" content=\"pt_BR\" \/>\n<meta property=\"og:type\" content=\"article\" \/>\n<meta property=\"og:title\" content=\"Como a sinaliza\u00e7\u00e3o correta influencia a primeira impress\u00e3o em edif\u00edcios corporativos\" \/>\n<meta property=\"og:description\" content=\"A primeira impress\u00e3o de um edif\u00edcio corporativo \u00e9 formada nos primeiros instantes de contato com o espa\u00e7o. Antes mesmo de qualquer intera\u00e7\u00e3o com recepcionistas ou equipes internas, a comunica\u00e7\u00e3o visual j\u00e1 transmite mensagens sobre organiza\u00e7\u00e3o, profissionalismo e cuidado com as pessoas. Nesse contexto, a sinaliza\u00e7\u00e3o correta exerce um papel estrat\u00e9gico, influenciando diretamente a percep\u00e7\u00e3o do [&hellip;]\" \/>\n<meta property=\"og:url\" content=\"https:\/\/www.bump.com.br\/blog\/como-a-sinalizacao-correta-influencia-a-primeira-impressao-em-edificios-corporativos\/\" \/>\n<meta property=\"og:site_name\" content=\"Bump Comunica\u00e7\u00e3o Visual\" \/>\n<meta property=\"article:published_time\" content=\"2026-01-21T14:38:42+00:00\" \/>\n<meta property=\"article:modified_time\" content=\"2026-01-12T14:50:38+00:00\" \/>\n<meta property=\"og:image\" content=\"https:\/\/www.bump.com.br\/blog\/wp-content\/uploads\/2026\/01\/bp-blog-44.png\" \/>\n\t<meta property=\"og:image:width\" content=\"1400\" \/>\n\t<meta property=\"og:image:height\" content=\"800\" \/>\n\t<meta property=\"og:image:type\" content=\"image\/png\" \/>\n<meta name=\"author\" content=\"bump\" \/>\n<meta name=\"twitter:card\" content=\"summary_large_image\" \/>\n<meta name=\"twitter:label1\" content=\"Escrito por\" \/>\n\t<meta name=\"twitter:data1\" content=\"bump\" \/>\n\t<meta name=\"twitter:label2\" content=\"Est. tempo de leitura\" \/>\n\t<meta name=\"twitter:data2\" content=\"3 minutos\" \/>\n<script type=\"application\/ld+json\" class=\"yoast-schema-graph\">{\"@context\":\"https:\/\/schema.org\",\"@graph\":[{\"@type\":\"Article\",\"@id\":\"https:\/\/www.bump.com.br\/blog\/como-a-sinalizacao-correta-influencia-a-primeira-impressao-em-edificios-corporativos\/#article\",\"isPartOf\":{\"@id\":\"https:\/\/www.bump.com.br\/blog\/como-a-sinalizacao-correta-influencia-a-primeira-impressao-em-edificios-corporativos\/\"},\"author\":{\"name\":\"bump\",\"@id\":\"https:\/\/www.bump.com.br\/blog\/#\/schema\/person\/38e45c1500dcea5480ab560e12a44a6a\"},\"headline\":\"Como a sinaliza\u00e7\u00e3o correta influencia a primeira impress\u00e3o em edif\u00edcios corporativos\",\"datePublished\":\"2026-01-21T14:38:42+00:00\",\"dateModified\":\"2026-01-12T14:50:38+00:00\",\"mainEntityOfPage\":{\"@id\":\"https:\/\/www.bump.com.br\/blog\/como-a-sinalizacao-correta-influencia-a-primeira-impressao-em-edificios-corporativos\/\"},\"wordCount\":571,\"publisher\":{\"@id\":\"https:\/\/www.bump.com.br\/blog\/#organization\"},\"articleSection\":[\"Comunica\u00e7\u00e3o Visual\"],\"inLanguage\":\"pt-BR\"},{\"@type\":\"WebPage\",\"@id\":\"https:\/\/www.bump.com.br\/blog\/como-a-sinalizacao-correta-influencia-a-primeira-impressao-em-edificios-corporativos\/\",\"url\":\"https:\/\/www.bump.com.br\/blog\/como-a-sinalizacao-correta-influencia-a-primeira-impressao-em-edificios-corporativos\/\",\"name\":\"Como a sinaliza\u00e7\u00e3o correta influencia a primeira impress\u00e3o em edif\u00edcios corporativos\",\"isPartOf\":{\"@id\":\"https:\/\/www.bump.com.br\/blog\/#website\"},\"datePublished\":\"2026-01-21T14:38:42+00:00\",\"dateModified\":\"2026-01-12T14:50:38+00:00\",\"breadcrumb\":{\"@id\":\"https:\/\/www.bump.com.br\/blog\/como-a-sinalizacao-correta-influencia-a-primeira-impressao-em-edificios-corporativos\/#breadcrumb\"},\"inLanguage\":\"pt-BR\",\"potentialAction\":[{\"@type\":\"ReadAction\",\"target\":[\"https:\/\/www.bump.com.br\/blog\/como-a-sinalizacao-correta-influencia-a-primeira-impressao-em-edificios-corporativos\/\"]}]},{\"@type\":\"BreadcrumbList\",\"@id\":\"https:\/\/www.bump.com.br\/blog\/como-a-sinalizacao-correta-influencia-a-primeira-impressao-em-edificios-corporativos\/#breadcrumb\",\"itemListElement\":[{\"@type\":\"ListItem\",\"position\":1,\"name\":\"Home\",\"item\":\"https:\/\/www.bump.com.br\/blog\/\"},{\"@type\":\"ListItem\",\"position\":2,\"name\":\"Como a sinaliza\u00e7\u00e3o correta influencia a primeira impress\u00e3o em edif\u00edcios corporativos\"}]},{\"@type\":\"WebSite\",\"@id\":\"https:\/\/www.bump.com.br\/blog\/#website\",\"url\":\"https:\/\/www.bump.com.br\/blog\/\",\"name\":\"Bump Comunica\u00e7\u00e3o Visual\",\"description\":\"\",\"publisher\":{\"@id\":\"https:\/\/www.bump.com.br\/blog\/#organization\"},\"potentialAction\":[{\"@type\":\"SearchAction\",\"target\":{\"@type\":\"EntryPoint\",\"urlTemplate\":\"https:\/\/www.bump.com.br\/blog\/?s={search_term_string}\"},\"query-input\":\"required name=search_term_string\"}],\"inLanguage\":\"pt-BR\"},{\"@type\":\"Organization\",\"@id\":\"https:\/\/www.bump.com.br\/blog\/#organization\",\"name\":\"Bump Comunica\u00e7\u00e3o Visual\",\"url\":\"https:\/\/www.bump.com.br\/blog\/\",\"logo\":{\"@type\":\"ImageObject\",\"inLanguage\":\"pt-BR\",\"@id\":\"https:\/\/www.bump.com.br\/blog\/#\/schema\/logo\/image\/\",\"url\":\"https:\/\/www.bump.com.br\/blog\/wp-content\/uploads\/2023\/08\/logo-bump-1948x1948-1.jpg\",\"contentUrl\":\"https:\/\/www.bump.com.br\/blog\/wp-content\/uploads\/2023\/08\/logo-bump-1948x1948-1.jpg\",\"width\":1948,\"height\":1948,\"caption\":\"Bump Comunica\u00e7\u00e3o Visual\"},\"image\":{\"@id\":\"https:\/\/www.bump.com.br\/blog\/#\/schema\/logo\/image\/\"}},{\"@type\":\"Person\",\"@id\":\"https:\/\/www.bump.com.br\/blog\/#\/schema\/person\/38e45c1500dcea5480ab560e12a44a6a\",\"name\":\"bump\",\"url\":\"https:\/\/www.bump.com.br\/blog\/author\/bump\/\"}]}<\/script>\n<!-- \/ Yoast SEO plugin. -->","yoast_head_json":{"title":"Como a sinaliza\u00e7\u00e3o correta influencia a primeira impress\u00e3o em edif\u00edcios corporativos","robots":{"index":"index","follow":"follow","max-snippet":"max-snippet:-1","max-image-preview":"max-image-preview:large","max-video-preview":"max-video-preview:-1"},"canonical":"https:\/\/www.bump.com.br\/blog\/como-a-sinalizacao-correta-influencia-a-primeira-impressao-em-edificios-corporativos\/","og_locale":"pt_BR","og_type":"article","og_title":"Como a sinaliza\u00e7\u00e3o correta influencia a primeira impress\u00e3o em edif\u00edcios corporativos","og_description":"A primeira impress\u00e3o de um edif\u00edcio corporativo \u00e9 formada nos primeiros instantes de contato com o espa\u00e7o. Antes mesmo de qualquer intera\u00e7\u00e3o com recepcionistas ou equipes internas, a comunica\u00e7\u00e3o visual j\u00e1 transmite mensagens sobre organiza\u00e7\u00e3o, profissionalismo e cuidado com as pessoas. Nesse contexto, a sinaliza\u00e7\u00e3o correta exerce um papel estrat\u00e9gico, influenciando diretamente a percep\u00e7\u00e3o do [&hellip;]","og_url":"https:\/\/www.bump.com.br\/blog\/como-a-sinalizacao-correta-influencia-a-primeira-impressao-em-edificios-corporativos\/","og_site_name":"Bump Comunica\u00e7\u00e3o Visual","article_published_time":"2026-01-21T14:38:42+00:00","article_modified_time":"2026-01-12T14:50:38+00:00","og_image":[{"width":1400,"height":800,"url":"https:\/\/www.bump.com.br\/blog\/wp-content\/uploads\/2026\/01\/bp-blog-44.png","type":"image\/png"}],"author":"bump","twitter_card":"summary_large_image","twitter_misc":{"Escrito por":"bump","Est. tempo de leitura":"3 minutos"},"schema":{"@context":"https:\/\/schema.org","@graph":[{"@type":"Article","@id":"https:\/\/www.bump.com.br\/blog\/como-a-sinalizacao-correta-influencia-a-primeira-impressao-em-edificios-corporativos\/#article","isPartOf":{"@id":"https:\/\/www.bump.com.br\/blog\/como-a-sinalizacao-correta-influencia-a-primeira-impressao-em-edificios-corporativos\/"},"author":{"name":"bump","@id":"https:\/\/www.bump.com.br\/blog\/#\/schema\/person\/38e45c1500dcea5480ab560e12a44a6a"},"headline":"Como a sinaliza\u00e7\u00e3o correta influencia a primeira impress\u00e3o em edif\u00edcios corporativos","datePublished":"2026-01-21T14:38:42+00:00","dateModified":"2026-01-12T14:50:38+00:00","mainEntityOfPage":{"@id":"https:\/\/www.bump.com.br\/blog\/como-a-sinalizacao-correta-influencia-a-primeira-impressao-em-edificios-corporativos\/"},"wordCount":571,"publisher":{"@id":"https:\/\/www.bump.com.br\/blog\/#organization"},"articleSection":["Comunica\u00e7\u00e3o Visual"],"inLanguage":"pt-BR"},{"@type":"WebPage","@id":"https:\/\/www.bump.com.br\/blog\/como-a-sinalizacao-correta-influencia-a-primeira-impressao-em-edificios-corporativos\/","url":"https:\/\/www.bump.com.br\/blog\/como-a-sinalizacao-correta-influencia-a-primeira-impressao-em-edificios-corporativos\/","name":"Como a sinaliza\u00e7\u00e3o correta influencia a primeira impress\u00e3o em edif\u00edcios corporativos","isPartOf":{"@id":"https:\/\/www.bump.com.br\/blog\/#website"},"datePublished":"2026-01-21T14:38:42+00:00","dateModified":"2026-01-12T14:50:38+00:00","breadcrumb":{"@id":"https:\/\/www.bump.com.br\/blog\/como-a-sinalizacao-correta-influencia-a-primeira-impressao-em-edificios-corporativos\/#breadcrumb"},"inLanguage":"pt-BR","potentialAction":[{"@type":"ReadAction","target":["https:\/\/www.bump.com.br\/blog\/como-a-sinalizacao-correta-influencia-a-primeira-impressao-em-edificios-corporativos\/"]}]},{"@type":"BreadcrumbList","@id":"https:\/\/www.bump.com.br\/blog\/como-a-sinalizacao-correta-influencia-a-primeira-impressao-em-edificios-corporativos\/#breadcrumb","itemListElement":[{"@type":"ListItem","position":1,"name":"Home","item":"https:\/\/www.bump.com.br\/blog\/"},{"@type":"ListItem","position":2,"name":"Como a sinaliza\u00e7\u00e3o correta influencia a primeira impress\u00e3o em edif\u00edcios corporativos"}]},{"@type":"WebSite","@id":"https:\/\/www.bump.com.br\/blog\/#website","url":"https:\/\/www.bump.com.br\/blog\/","name":"Bump Comunica\u00e7\u00e3o Visual","description":"","publisher":{"@id":"https:\/\/www.bump.com.br\/blog\/#organization"},"potentialAction":[{"@type":"SearchAction","target":{"@type":"EntryPoint","urlTemplate":"https:\/\/www.bump.com.br\/blog\/?s={search_term_string}"},"query-input":"required name=search_term_string"}],"inLanguage":"pt-BR"},{"@type":"Organization","@id":"https:\/\/www.bump.com.br\/blog\/#organization","name":"Bump Comunica\u00e7\u00e3o Visual","url":"https:\/\/www.bump.com.br\/blog\/","logo":{"@type":"ImageObject","inLanguage":"pt-BR","@id":"https:\/\/www.bump.com.br\/blog\/#\/schema\/logo\/image\/","url":"https:\/\/www.bump.com.br\/blog\/wp-content\/uploads\/2023\/08\/logo-bump-1948x1948-1.jpg","contentUrl":"https:\/\/www.bump.com.br\/blog\/wp-content\/uploads\/2023\/08\/logo-bump-1948x1948-1.jpg","width":1948,"height":1948,"caption":"Bump Comunica\u00e7\u00e3o Visual"},"image":{"@id":"https:\/\/www.bump.com.br\/blog\/#\/schema\/logo\/image\/"}},{"@type":"Person","@id":"https:\/\/www.bump.com.br\/blog\/#\/schema\/person\/38e45c1500dcea5480ab560e12a44a6a","name":"bump","url":"https:\/\/www.bump.com.br\/blog\/author\/bump\/"}]}},"_links":{"self":[{"href":"https:\/\/www.bump.com.br\/blog\/wp-json\/wp\/v2\/posts\/1589"}],"collection":[{"href":"https:\/\/www.bump.com.br\/blog\/wp-json\/wp\/v2\/posts"}],"about":[{"href":"https:\/\/www.bump.com.br\/blog\/wp-json\/wp\/v2\/types\/post"}],"author":[{"embeddable":true,"href":"https:\/\/www.bump.com.br\/blog\/wp-json\/wp\/v2\/users\/2"}],"replies":[{"embeddable":true,"href":"https:\/\/www.bump.com.br\/blog\/wp-json\/wp\/v2\/comments?post=1589"}],"version-history":[{"count":2,"href":"https:\/\/www.bump.com.br\/blog\/wp-json\/wp\/v2\/posts\/1589\/revisions"}],"predecessor-version":[{"id":1591,"href":"https:\/\/www.bump.com.br\/blog\/wp-json\/wp\/v2\/posts\/1589\/revisions\/1591"}],"wp:featuredmedia":[{"embeddable":true,"href":"https:\/\/www.bump.com.br\/blog\/wp-json\/wp\/v2\/media\/1594"}],"wp:attachment":[{"href":"https:\/\/www.bump.com.br\/blog\/wp-json\/wp\/v2\/media?parent=1589"}],"wp:term":[{"taxonomy":"category","embeddable":true,"href":"https:\/\/www.bump.com.br\/blog\/wp-json\/wp\/v2\/categories?post=1589"},{"taxonomy":"post_tag","embeddable":true,"href":"https:\/\/www.bump.com.br\/blog\/wp-json\/wp\/v2\/tags?post=1589"}],"curies":[{"name":"wp","href":"https:\/\/api.w.org\/{rel}","templated":true}]}}