{"id":1568,"date":"2025-12-31T14:38:39","date_gmt":"2025-12-31T17:38:39","guid":{"rendered":"https:\/\/www.bump.com.br\/blog\/?p=1568"},"modified":"2026-01-02T18:42:43","modified_gmt":"2026-01-02T21:42:43","slug":"totens-informativos-onde-usar-e-como-aplica-los-em-ambientes-corporativos","status":"publish","type":"post","link":"https:\/\/www.bump.com.br\/blog\/totens-informativos-onde-usar-e-como-aplica-los-em-ambientes-corporativos\/","title":{"rendered":"Totens informativos: onde usar e como aplic\u00e1-los em ambientes corporativos"},"content":{"rendered":"<p><span style=\"font-weight: 400;\">Ambientes corporativos exigem organiza\u00e7\u00e3o, clareza e efici\u00eancia na comunica\u00e7\u00e3o. Com a circula\u00e7\u00e3o constante de colaboradores, visitantes e fornecedores, os totens informativos se tornam aliados estrat\u00e9gicos para orientar, informar e valorizar os espa\u00e7os. Mais do que elementos visuais, eles fazem parte de um sistema de comunica\u00e7\u00e3o visual que melhora a experi\u00eancia do usu\u00e1rio e refor\u00e7a a identidade corporativa.<\/span><\/p>\n<p><span style=\"font-weight: 400;\">Os totens informativos s\u00e3o pe\u00e7as vers\u00e1teis, indicadas tanto para \u00e1reas internas quanto externas, e podem ser personalizados de acordo com a linguagem visual da empresa. Quando bem aplicados, facilitam a navega\u00e7\u00e3o, reduzem d\u00favidas e contribuem para um ambiente mais funcional e profissional.<\/span><\/p>\n<h2><span style=\"color: #800080;\"><b>Onde utilizar totens informativos no ambiente corporativo<\/b><\/span><\/h2>\n<p><span style=\"font-weight: 400;\">Os totens podem ser aplicados em diversos pontos estrat\u00e9gicos. Em halls de entrada e recep\u00e7\u00f5es, atuam como o primeiro contato visual do visitante com a empresa, apresentando informa\u00e7\u00f5es institucionais, diret\u00f3rios de setores e orienta\u00e7\u00f5es gerais. Em corredores e \u00e1reas de circula\u00e7\u00e3o, auxiliam na identifica\u00e7\u00e3o de andares, departamentos e salas, evitando deslocamentos desnecess\u00e1rios.<\/span><\/p>\n<p><span style=\"font-weight: 400;\">Em pr\u00e9dios corporativos de grande porte, os totens tamb\u00e9m s\u00e3o muito eficientes em \u00e1reas comuns, como acessos a elevadores, escadas, audit\u00f3rios e \u00e1reas administrativas. J\u00e1 em ambientes externos, como estacionamentos e acessos principais, funcionam como elementos de orienta\u00e7\u00e3o e identifica\u00e7\u00e3o do empreendimento.<\/span><\/p>\n<h2><span style=\"color: #800080;\"><b>Tipos de informa\u00e7\u00e3o que podem ser aplicados nos totens<\/b><\/span><\/h2>\n<p><span style=\"font-weight: 400;\">Os totens informativos podem apresentar diferentes conte\u00fados, de acordo com a necessidade do espa\u00e7o. Entre os usos mais comuns est\u00e3o diret\u00f3rios corporativos, mapas de localiza\u00e7\u00e3o interna, identifica\u00e7\u00e3o de setores, orienta\u00e7\u00f5es de fluxo e informa\u00e7\u00f5es institucionais. Em alguns casos, tamb\u00e9m podem refor\u00e7ar valores da empresa, mensagens de boas-vindas e diretrizes internas.<\/span><\/p>\n<p><span style=\"font-weight: 400;\">A clareza da informa\u00e7\u00e3o \u00e9 essencial. Textos objetivos, tipografia leg\u00edvel e bom contraste visual garantem que a mensagem seja compreendida rapidamente, mesmo em ambientes com alto fluxo de pessoas.<\/span><\/p>\n<h2><span style=\"color: #800080;\"><b>Integra\u00e7\u00e3o dos totens com a comunica\u00e7\u00e3o visual corporativa<\/b><\/span><\/h2>\n<p><span style=\"font-weight: 400;\">Para que o totem cumpra seu papel de forma eficiente, ele deve estar integrado ao projeto de comunica\u00e7\u00e3o visual da empresa. Isso significa alinhar cores, tipografia, acabamentos e linguagem gr\u00e1fica com as placas indicativas, letreiros e demais elementos visuais do ambiente.<\/span><\/p>\n<p><span style=\"font-weight: 400;\">A padroniza\u00e7\u00e3o refor\u00e7a a identidade da marca e transmite organiza\u00e7\u00e3o e profissionalismo. Totens bem projetados deixam de ser apenas informativos e passam a compor o design do espa\u00e7o, valorizando a arquitetura e a experi\u00eancia do usu\u00e1rio.<\/span><\/p>\n<h2><span style=\"color: #800080;\"><b>Materiais e acabamento como diferencial<\/b><\/span><\/h2>\n<p><span style=\"font-weight: 400;\">A escolha do material impacta diretamente na durabilidade e na percep\u00e7\u00e3o de qualidade do totem. Acr\u00edlico, alum\u00ednio, ACM e estruturas met\u00e1licas s\u00e3o amplamente utilizados em ambientes corporativos por oferecerem resist\u00eancia, sofistica\u00e7\u00e3o e f\u00e1cil manuten\u00e7\u00e3o. O acabamento deve estar alinhado ao perfil da empresa e ao local de instala\u00e7\u00e3o, garantindo coer\u00eancia visual e longa vida \u00fatil.<\/span><\/p>\n<p><span style=\"font-weight: 400;\">Os totens informativos s\u00e3o ferramentas essenciais para organizar ambientes corporativos e melhorar a experi\u00eancia de quem circula pelo espa\u00e7o. Quando bem posicionados e integrados \u00e0 comunica\u00e7\u00e3o visual, eles orientam, informam e fortalecem a identidade da empresa.\u00a0<\/span><\/p>\n<p>&nbsp;<\/p>\n","protected":false},"excerpt":{"rendered":"<p>Ambientes corporativos exigem organiza\u00e7\u00e3o, clareza e efici\u00eancia na comunica\u00e7\u00e3o. Com a circula\u00e7\u00e3o constante de colaboradores, visitantes e fornecedores, os totens informativos se tornam aliados estrat\u00e9gicos para orientar, informar e valorizar os espa\u00e7os. Mais do que elementos visuais, eles fazem parte de um sistema de comunica\u00e7\u00e3o visual que melhora a experi\u00eancia do usu\u00e1rio e refor\u00e7a a [&hellip;]<\/p>\n","protected":false},"author":2,"featured_media":1574,"comment_status":"closed","ping_status":"closed","sticky":false,"template":"","format":"standard","meta":{"footnotes":""},"categories":[30],"tags":[],"yoast_head":"<!-- This site is optimized with the Yoast SEO plugin v21.0 - https:\/\/yoast.com\/wordpress\/plugins\/seo\/ -->\n<title>Totens informativos: onde usar e como aplic\u00e1-los em ambientes corporativos<\/title>\n<meta name=\"robots\" content=\"index, follow, max-snippet:-1, max-image-preview:large, max-video-preview:-1\" \/>\n<link rel=\"canonical\" href=\"https:\/\/www.bump.com.br\/blog\/totens-informativos-onde-usar-e-como-aplica-los-em-ambientes-corporativos\/\" \/>\n<meta property=\"og:locale\" content=\"pt_BR\" \/>\n<meta property=\"og:type\" content=\"article\" \/>\n<meta property=\"og:title\" content=\"Totens informativos: onde usar e como aplic\u00e1-los em ambientes corporativos\" \/>\n<meta property=\"og:description\" content=\"Ambientes corporativos exigem organiza\u00e7\u00e3o, clareza e efici\u00eancia na comunica\u00e7\u00e3o. Com a circula\u00e7\u00e3o constante de colaboradores, visitantes e fornecedores, os totens informativos se tornam aliados estrat\u00e9gicos para orientar, informar e valorizar os espa\u00e7os. Mais do que elementos visuais, eles fazem parte de um sistema de comunica\u00e7\u00e3o visual que melhora a experi\u00eancia do usu\u00e1rio e refor\u00e7a a [&hellip;]\" \/>\n<meta property=\"og:url\" content=\"https:\/\/www.bump.com.br\/blog\/totens-informativos-onde-usar-e-como-aplica-los-em-ambientes-corporativos\/\" \/>\n<meta property=\"og:site_name\" content=\"Bump Comunica\u00e7\u00e3o Visual\" \/>\n<meta property=\"article:published_time\" content=\"2025-12-31T17:38:39+00:00\" \/>\n<meta property=\"article:modified_time\" content=\"2026-01-02T21:42:43+00:00\" \/>\n<meta property=\"og:image\" content=\"http:\/\/www.bump.com.br\/blog\/wp-content\/uploads\/2025\/12\/bp-blog-45.png\" \/>\n\t<meta property=\"og:image:width\" content=\"1400\" \/>\n\t<meta property=\"og:image:height\" content=\"800\" \/>\n\t<meta property=\"og:image:type\" content=\"image\/png\" \/>\n<meta name=\"author\" content=\"bump\" \/>\n<meta name=\"twitter:card\" content=\"summary_large_image\" \/>\n<meta name=\"twitter:label1\" content=\"Escrito por\" \/>\n\t<meta name=\"twitter:data1\" content=\"bump\" \/>\n\t<meta name=\"twitter:label2\" content=\"Est. tempo de leitura\" \/>\n\t<meta name=\"twitter:data2\" content=\"3 minutos\" \/>\n<script type=\"application\/ld+json\" class=\"yoast-schema-graph\">{\"@context\":\"https:\/\/schema.org\",\"@graph\":[{\"@type\":\"Article\",\"@id\":\"https:\/\/www.bump.com.br\/blog\/totens-informativos-onde-usar-e-como-aplica-los-em-ambientes-corporativos\/#article\",\"isPartOf\":{\"@id\":\"https:\/\/www.bump.com.br\/blog\/totens-informativos-onde-usar-e-como-aplica-los-em-ambientes-corporativos\/\"},\"author\":{\"name\":\"bump\",\"@id\":\"https:\/\/www.bump.com.br\/blog\/#\/schema\/person\/38e45c1500dcea5480ab560e12a44a6a\"},\"headline\":\"Totens informativos: onde usar e como aplic\u00e1-los em ambientes corporativos\",\"datePublished\":\"2025-12-31T17:38:39+00:00\",\"dateModified\":\"2026-01-02T21:42:43+00:00\",\"mainEntityOfPage\":{\"@id\":\"https:\/\/www.bump.com.br\/blog\/totens-informativos-onde-usar-e-como-aplica-los-em-ambientes-corporativos\/\"},\"wordCount\":546,\"publisher\":{\"@id\":\"https:\/\/www.bump.com.br\/blog\/#organization\"},\"articleSection\":[\"Comunica\u00e7\u00e3o Visual\"],\"inLanguage\":\"pt-BR\"},{\"@type\":\"WebPage\",\"@id\":\"https:\/\/www.bump.com.br\/blog\/totens-informativos-onde-usar-e-como-aplica-los-em-ambientes-corporativos\/\",\"url\":\"https:\/\/www.bump.com.br\/blog\/totens-informativos-onde-usar-e-como-aplica-los-em-ambientes-corporativos\/\",\"name\":\"Totens informativos: onde usar e como aplic\u00e1-los em ambientes corporativos\",\"isPartOf\":{\"@id\":\"https:\/\/www.bump.com.br\/blog\/#website\"},\"datePublished\":\"2025-12-31T17:38:39+00:00\",\"dateModified\":\"2026-01-02T21:42:43+00:00\",\"breadcrumb\":{\"@id\":\"https:\/\/www.bump.com.br\/blog\/totens-informativos-onde-usar-e-como-aplica-los-em-ambientes-corporativos\/#breadcrumb\"},\"inLanguage\":\"pt-BR\",\"potentialAction\":[{\"@type\":\"ReadAction\",\"target\":[\"https:\/\/www.bump.com.br\/blog\/totens-informativos-onde-usar-e-como-aplica-los-em-ambientes-corporativos\/\"]}]},{\"@type\":\"BreadcrumbList\",\"@id\":\"https:\/\/www.bump.com.br\/blog\/totens-informativos-onde-usar-e-como-aplica-los-em-ambientes-corporativos\/#breadcrumb\",\"itemListElement\":[{\"@type\":\"ListItem\",\"position\":1,\"name\":\"Home\",\"item\":\"https:\/\/www.bump.com.br\/blog\/\"},{\"@type\":\"ListItem\",\"position\":2,\"name\":\"Totens informativos: onde usar e como aplic\u00e1-los em ambientes corporativos\"}]},{\"@type\":\"WebSite\",\"@id\":\"https:\/\/www.bump.com.br\/blog\/#website\",\"url\":\"https:\/\/www.bump.com.br\/blog\/\",\"name\":\"Bump Comunica\u00e7\u00e3o Visual\",\"description\":\"\",\"publisher\":{\"@id\":\"https:\/\/www.bump.com.br\/blog\/#organization\"},\"potentialAction\":[{\"@type\":\"SearchAction\",\"target\":{\"@type\":\"EntryPoint\",\"urlTemplate\":\"https:\/\/www.bump.com.br\/blog\/?s={search_term_string}\"},\"query-input\":\"required name=search_term_string\"}],\"inLanguage\":\"pt-BR\"},{\"@type\":\"Organization\",\"@id\":\"https:\/\/www.bump.com.br\/blog\/#organization\",\"name\":\"Bump Comunica\u00e7\u00e3o Visual\",\"url\":\"https:\/\/www.bump.com.br\/blog\/\",\"logo\":{\"@type\":\"ImageObject\",\"inLanguage\":\"pt-BR\",\"@id\":\"https:\/\/www.bump.com.br\/blog\/#\/schema\/logo\/image\/\",\"url\":\"https:\/\/www.bump.com.br\/blog\/wp-content\/uploads\/2023\/08\/logo-bump-1948x1948-1.jpg\",\"contentUrl\":\"https:\/\/www.bump.com.br\/blog\/wp-content\/uploads\/2023\/08\/logo-bump-1948x1948-1.jpg\",\"width\":1948,\"height\":1948,\"caption\":\"Bump Comunica\u00e7\u00e3o Visual\"},\"image\":{\"@id\":\"https:\/\/www.bump.com.br\/blog\/#\/schema\/logo\/image\/\"}},{\"@type\":\"Person\",\"@id\":\"https:\/\/www.bump.com.br\/blog\/#\/schema\/person\/38e45c1500dcea5480ab560e12a44a6a\",\"name\":\"bump\",\"url\":\"https:\/\/www.bump.com.br\/blog\/author\/bump\/\"}]}<\/script>\n<!-- \/ Yoast SEO plugin. -->","yoast_head_json":{"title":"Totens informativos: onde usar e como aplic\u00e1-los em ambientes corporativos","robots":{"index":"index","follow":"follow","max-snippet":"max-snippet:-1","max-image-preview":"max-image-preview:large","max-video-preview":"max-video-preview:-1"},"canonical":"https:\/\/www.bump.com.br\/blog\/totens-informativos-onde-usar-e-como-aplica-los-em-ambientes-corporativos\/","og_locale":"pt_BR","og_type":"article","og_title":"Totens informativos: onde usar e como aplic\u00e1-los em ambientes corporativos","og_description":"Ambientes corporativos exigem organiza\u00e7\u00e3o, clareza e efici\u00eancia na comunica\u00e7\u00e3o. Com a circula\u00e7\u00e3o constante de colaboradores, visitantes e fornecedores, os totens informativos se tornam aliados estrat\u00e9gicos para orientar, informar e valorizar os espa\u00e7os. Mais do que elementos visuais, eles fazem parte de um sistema de comunica\u00e7\u00e3o visual que melhora a experi\u00eancia do usu\u00e1rio e refor\u00e7a a [&hellip;]","og_url":"https:\/\/www.bump.com.br\/blog\/totens-informativos-onde-usar-e-como-aplica-los-em-ambientes-corporativos\/","og_site_name":"Bump Comunica\u00e7\u00e3o Visual","article_published_time":"2025-12-31T17:38:39+00:00","article_modified_time":"2026-01-02T21:42:43+00:00","og_image":[{"width":1400,"height":800,"url":"http:\/\/www.bump.com.br\/blog\/wp-content\/uploads\/2025\/12\/bp-blog-45.png","type":"image\/png"}],"author":"bump","twitter_card":"summary_large_image","twitter_misc":{"Escrito por":"bump","Est. tempo de leitura":"3 minutos"},"schema":{"@context":"https:\/\/schema.org","@graph":[{"@type":"Article","@id":"https:\/\/www.bump.com.br\/blog\/totens-informativos-onde-usar-e-como-aplica-los-em-ambientes-corporativos\/#article","isPartOf":{"@id":"https:\/\/www.bump.com.br\/blog\/totens-informativos-onde-usar-e-como-aplica-los-em-ambientes-corporativos\/"},"author":{"name":"bump","@id":"https:\/\/www.bump.com.br\/blog\/#\/schema\/person\/38e45c1500dcea5480ab560e12a44a6a"},"headline":"Totens informativos: onde usar e como aplic\u00e1-los em ambientes corporativos","datePublished":"2025-12-31T17:38:39+00:00","dateModified":"2026-01-02T21:42:43+00:00","mainEntityOfPage":{"@id":"https:\/\/www.bump.com.br\/blog\/totens-informativos-onde-usar-e-como-aplica-los-em-ambientes-corporativos\/"},"wordCount":546,"publisher":{"@id":"https:\/\/www.bump.com.br\/blog\/#organization"},"articleSection":["Comunica\u00e7\u00e3o Visual"],"inLanguage":"pt-BR"},{"@type":"WebPage","@id":"https:\/\/www.bump.com.br\/blog\/totens-informativos-onde-usar-e-como-aplica-los-em-ambientes-corporativos\/","url":"https:\/\/www.bump.com.br\/blog\/totens-informativos-onde-usar-e-como-aplica-los-em-ambientes-corporativos\/","name":"Totens informativos: onde usar e como aplic\u00e1-los em ambientes corporativos","isPartOf":{"@id":"https:\/\/www.bump.com.br\/blog\/#website"},"datePublished":"2025-12-31T17:38:39+00:00","dateModified":"2026-01-02T21:42:43+00:00","breadcrumb":{"@id":"https:\/\/www.bump.com.br\/blog\/totens-informativos-onde-usar-e-como-aplica-los-em-ambientes-corporativos\/#breadcrumb"},"inLanguage":"pt-BR","potentialAction":[{"@type":"ReadAction","target":["https:\/\/www.bump.com.br\/blog\/totens-informativos-onde-usar-e-como-aplica-los-em-ambientes-corporativos\/"]}]},{"@type":"BreadcrumbList","@id":"https:\/\/www.bump.com.br\/blog\/totens-informativos-onde-usar-e-como-aplica-los-em-ambientes-corporativos\/#breadcrumb","itemListElement":[{"@type":"ListItem","position":1,"name":"Home","item":"https:\/\/www.bump.com.br\/blog\/"},{"@type":"ListItem","position":2,"name":"Totens informativos: onde usar e como aplic\u00e1-los em ambientes corporativos"}]},{"@type":"WebSite","@id":"https:\/\/www.bump.com.br\/blog\/#website","url":"https:\/\/www.bump.com.br\/blog\/","name":"Bump Comunica\u00e7\u00e3o Visual","description":"","publisher":{"@id":"https:\/\/www.bump.com.br\/blog\/#organization"},"potentialAction":[{"@type":"SearchAction","target":{"@type":"EntryPoint","urlTemplate":"https:\/\/www.bump.com.br\/blog\/?s={search_term_string}"},"query-input":"required name=search_term_string"}],"inLanguage":"pt-BR"},{"@type":"Organization","@id":"https:\/\/www.bump.com.br\/blog\/#organization","name":"Bump Comunica\u00e7\u00e3o Visual","url":"https:\/\/www.bump.com.br\/blog\/","logo":{"@type":"ImageObject","inLanguage":"pt-BR","@id":"https:\/\/www.bump.com.br\/blog\/#\/schema\/logo\/image\/","url":"https:\/\/www.bump.com.br\/blog\/wp-content\/uploads\/2023\/08\/logo-bump-1948x1948-1.jpg","contentUrl":"https:\/\/www.bump.com.br\/blog\/wp-content\/uploads\/2023\/08\/logo-bump-1948x1948-1.jpg","width":1948,"height":1948,"caption":"Bump Comunica\u00e7\u00e3o Visual"},"image":{"@id":"https:\/\/www.bump.com.br\/blog\/#\/schema\/logo\/image\/"}},{"@type":"Person","@id":"https:\/\/www.bump.com.br\/blog\/#\/schema\/person\/38e45c1500dcea5480ab560e12a44a6a","name":"bump","url":"https:\/\/www.bump.com.br\/blog\/author\/bump\/"}]}},"_links":{"self":[{"href":"https:\/\/www.bump.com.br\/blog\/wp-json\/wp\/v2\/posts\/1568"}],"collection":[{"href":"https:\/\/www.bump.com.br\/blog\/wp-json\/wp\/v2\/posts"}],"about":[{"href":"https:\/\/www.bump.com.br\/blog\/wp-json\/wp\/v2\/types\/post"}],"author":[{"embeddable":true,"href":"https:\/\/www.bump.com.br\/blog\/wp-json\/wp\/v2\/users\/2"}],"replies":[{"embeddable":true,"href":"https:\/\/www.bump.com.br\/blog\/wp-json\/wp\/v2\/comments?post=1568"}],"version-history":[{"count":1,"href":"https:\/\/www.bump.com.br\/blog\/wp-json\/wp\/v2\/posts\/1568\/revisions"}],"predecessor-version":[{"id":1569,"href":"https:\/\/www.bump.com.br\/blog\/wp-json\/wp\/v2\/posts\/1568\/revisions\/1569"}],"wp:featuredmedia":[{"embeddable":true,"href":"https:\/\/www.bump.com.br\/blog\/wp-json\/wp\/v2\/media\/1574"}],"wp:attachment":[{"href":"https:\/\/www.bump.com.br\/blog\/wp-json\/wp\/v2\/media?parent=1568"}],"wp:term":[{"taxonomy":"category","embeddable":true,"href":"https:\/\/www.bump.com.br\/blog\/wp-json\/wp\/v2\/categories?post=1568"},{"taxonomy":"post_tag","embeddable":true,"href":"https:\/\/www.bump.com.br\/blog\/wp-json\/wp\/v2\/tags?post=1568"}],"curies":[{"name":"wp","href":"https:\/\/api.w.org\/{rel}","templated":true}]}}