{"id":1304,"date":"2025-06-11T08:49:56","date_gmt":"2025-06-11T11:49:56","guid":{"rendered":"https:\/\/www.bump.com.br\/blog\/?p=1304"},"modified":"2025-06-04T09:50:37","modified_gmt":"2025-06-04T12:50:37","slug":"comunicacao-visual-para-elevadores-padronizacao-e-acessibilidade-em-ambientes-corporativos","status":"publish","type":"post","link":"https:\/\/www.bump.com.br\/blog\/comunicacao-visual-para-elevadores-padronizacao-e-acessibilidade-em-ambientes-corporativos\/","title":{"rendered":"Comunica\u00e7\u00e3o visual para elevadores: padroniza\u00e7\u00e3o e acessibilidade em ambientes corporativos"},"content":{"rendered":"<p><span style=\"font-weight: 400;\">Em qualquer edif\u00edcio corporativo, os elevadores representam pontos estrat\u00e9gicos de circula\u00e7\u00e3o e comunica\u00e7\u00e3o. Por serem usados diariamente por diferentes p\u00fablicos \u2014 colaboradores, fornecedores, visitantes e pessoas com defici\u00eancia \u2014 \u00e9 essencial que esses espa\u00e7os contem com uma comunica\u00e7\u00e3o visual clara, acess\u00edvel e padronizada.<\/span><\/p>\n<p><span style=\"font-weight: 400;\">O que muitas empresas ainda n\u00e3o percebem \u00e9 que o elevador pode ser mais do que apenas um meio de transporte interno: ele \u00e9 uma extens\u00e3o da identidade do neg\u00f3cio e uma oportunidade de transmitir informa\u00e7\u00f5es essenciais com organiza\u00e7\u00e3o e profissionalismo. Ao aplicar elementos visuais corretamente posicionados e pensados para todos os perfis de usu\u00e1rios, \u00e9 poss\u00edvel melhorar a experi\u00eancia, garantir acessibilidade e refor\u00e7ar a imagem da empresa.<\/span><\/p>\n<p><span style=\"font-weight: 400;\">Entre os elementos mais comuns e eficazes est\u00e3o as indica\u00e7\u00f5es de andares e setores, instru\u00e7\u00f5es de uso, mensagens de boas-vindas e avisos de seguran\u00e7a. Esses recursos precisam ser simples, objetivos e posicionados em locais de f\u00e1cil visualiza\u00e7\u00e3o, tanto dentro quanto fora da cabine.<\/span><\/p>\n<p><span style=\"font-weight: 400;\">Para promover a acessibilidade, \u00e9 importante utilizar textos com bom contraste de cores, pictogramas reconhec\u00edveis e informa\u00e7\u00f5es dispostas de maneira l\u00f3gica. A inclus\u00e3o de elementos t\u00e1teis, como adesivos com relevo ou sinaliza\u00e7\u00e3o braille ao lado dos bot\u00f5es, por exemplo, garante que pessoas com defici\u00eancia visual tamb\u00e9m possam se orientar com autonomia e seguran\u00e7a.<\/span><\/p>\n<p><span style=\"font-weight: 400;\">Al\u00e9m da funcionalidade, a comunica\u00e7\u00e3o visual pode \u2014 e deve \u2014 dialogar com o projeto arquitet\u00f4nico e a identidade visual da empresa. Utilizar cores institucionais, fontes padronizadas e grafismos bem aplicados transforma o elevador em mais um ponto de conex\u00e3o entre marca e p\u00fablico. Essa aten\u00e7\u00e3o aos detalhes transmite cuidado, organiza\u00e7\u00e3o e refor\u00e7a valores como acessibilidade, modernidade e inova\u00e7\u00e3o.<\/span><\/p>\n<p><span style=\"font-weight: 400;\">Outro aspecto estrat\u00e9gico \u00e9 o uso do espa\u00e7o interno do elevador para comunica\u00e7\u00e3o institucional ou campanhas internas. Mensagens sobre cultura organizacional, dicas de sa\u00fade, boas pr\u00e1ticas de sustentabilidade ou lembretes sobre normas internas podem ser comunicadas de forma criativa por meio de adesivos ou displays, tornando o tempo de trajeto mais produtivo.<\/span><\/p>\n<p><span style=\"font-weight: 400;\">Ambientes bem sinalizados melhoram a experi\u00eancia de quem circula pelo pr\u00e9dio, facilitam o dia a dia e demonstram o compromisso da empresa com a inclus\u00e3o e a organiza\u00e7\u00e3o. Elevadores que integram sinaliza\u00e7\u00e3o bem planejada e visualmente alinhada ao restante do ambiente agregam valor ao espa\u00e7o e contribuem para um ambiente corporativo mais eficiente, acolhedor e profissional.<\/span><\/p>\n","protected":false},"excerpt":{"rendered":"<p>Em qualquer edif\u00edcio corporativo, os elevadores representam pontos estrat\u00e9gicos de circula\u00e7\u00e3o e comunica\u00e7\u00e3o. Por serem usados diariamente por diferentes p\u00fablicos \u2014 colaboradores, fornecedores, visitantes e pessoas com defici\u00eancia \u2014 \u00e9 essencial que esses espa\u00e7os contem com uma comunica\u00e7\u00e3o visual clara, acess\u00edvel e padronizada. O que muitas empresas ainda n\u00e3o percebem \u00e9 que o elevador pode [&hellip;]<\/p>\n","protected":false},"author":2,"featured_media":1305,"comment_status":"closed","ping_status":"closed","sticky":false,"template":"","format":"standard","meta":{"footnotes":""},"categories":[12],"tags":[],"yoast_head":"<!-- This site is optimized with the Yoast SEO plugin v21.0 - https:\/\/yoast.com\/wordpress\/plugins\/seo\/ -->\n<title>Comunica\u00e7\u00e3o visual para elevadores: padroniza\u00e7\u00e3o e acessibilidade em ambientes corporativos<\/title>\n<meta name=\"robots\" content=\"index, follow, max-snippet:-1, max-image-preview:large, max-video-preview:-1\" \/>\n<link rel=\"canonical\" href=\"https:\/\/www.bump.com.br\/blog\/comunicacao-visual-para-elevadores-padronizacao-e-acessibilidade-em-ambientes-corporativos\/\" \/>\n<meta property=\"og:locale\" content=\"pt_BR\" \/>\n<meta property=\"og:type\" content=\"article\" \/>\n<meta property=\"og:title\" content=\"Comunica\u00e7\u00e3o visual para elevadores: padroniza\u00e7\u00e3o e acessibilidade em ambientes corporativos\" \/>\n<meta property=\"og:description\" content=\"Em qualquer edif\u00edcio corporativo, os elevadores representam pontos estrat\u00e9gicos de circula\u00e7\u00e3o e comunica\u00e7\u00e3o. Por serem usados diariamente por diferentes p\u00fablicos \u2014 colaboradores, fornecedores, visitantes e pessoas com defici\u00eancia \u2014 \u00e9 essencial que esses espa\u00e7os contem com uma comunica\u00e7\u00e3o visual clara, acess\u00edvel e padronizada. O que muitas empresas ainda n\u00e3o percebem \u00e9 que o elevador pode [&hellip;]\" \/>\n<meta property=\"og:url\" content=\"https:\/\/www.bump.com.br\/blog\/comunicacao-visual-para-elevadores-padronizacao-e-acessibilidade-em-ambientes-corporativos\/\" \/>\n<meta property=\"og:site_name\" content=\"Bump Comunica\u00e7\u00e3o Visual\" \/>\n<meta property=\"article:published_time\" content=\"2025-06-11T11:49:56+00:00\" \/>\n<meta property=\"article:modified_time\" content=\"2025-06-04T12:50:37+00:00\" \/>\n<meta property=\"og:image\" content=\"https:\/\/www.bump.com.br\/blog\/wp-content\/uploads\/2025\/06\/bump-blog.png\" \/>\n\t<meta property=\"og:image:width\" content=\"1400\" \/>\n\t<meta property=\"og:image:height\" content=\"800\" \/>\n\t<meta property=\"og:image:type\" content=\"image\/png\" \/>\n<meta name=\"author\" content=\"bump\" \/>\n<meta name=\"twitter:card\" content=\"summary_large_image\" \/>\n<meta name=\"twitter:label1\" content=\"Escrito por\" \/>\n\t<meta name=\"twitter:data1\" content=\"bump\" \/>\n\t<meta name=\"twitter:label2\" content=\"Est. tempo de leitura\" \/>\n\t<meta name=\"twitter:data2\" content=\"3 minutos\" \/>\n<script type=\"application\/ld+json\" class=\"yoast-schema-graph\">{\"@context\":\"https:\/\/schema.org\",\"@graph\":[{\"@type\":\"Article\",\"@id\":\"https:\/\/www.bump.com.br\/blog\/comunicacao-visual-para-elevadores-padronizacao-e-acessibilidade-em-ambientes-corporativos\/#article\",\"isPartOf\":{\"@id\":\"https:\/\/www.bump.com.br\/blog\/comunicacao-visual-para-elevadores-padronizacao-e-acessibilidade-em-ambientes-corporativos\/\"},\"author\":{\"name\":\"bump\",\"@id\":\"https:\/\/www.bump.com.br\/blog\/#\/schema\/person\/38e45c1500dcea5480ab560e12a44a6a\"},\"headline\":\"Comunica\u00e7\u00e3o visual para elevadores: padroniza\u00e7\u00e3o e acessibilidade em ambientes corporativos\",\"datePublished\":\"2025-06-11T11:49:56+00:00\",\"dateModified\":\"2025-06-04T12:50:37+00:00\",\"mainEntityOfPage\":{\"@id\":\"https:\/\/www.bump.com.br\/blog\/comunicacao-visual-para-elevadores-padronizacao-e-acessibilidade-em-ambientes-corporativos\/\"},\"wordCount\":430,\"publisher\":{\"@id\":\"https:\/\/www.bump.com.br\/blog\/#organization\"},\"articleSection\":[\"Acessibilidade\"],\"inLanguage\":\"pt-BR\"},{\"@type\":\"WebPage\",\"@id\":\"https:\/\/www.bump.com.br\/blog\/comunicacao-visual-para-elevadores-padronizacao-e-acessibilidade-em-ambientes-corporativos\/\",\"url\":\"https:\/\/www.bump.com.br\/blog\/comunicacao-visual-para-elevadores-padronizacao-e-acessibilidade-em-ambientes-corporativos\/\",\"name\":\"Comunica\u00e7\u00e3o visual para elevadores: padroniza\u00e7\u00e3o e acessibilidade em ambientes corporativos\",\"isPartOf\":{\"@id\":\"https:\/\/www.bump.com.br\/blog\/#website\"},\"datePublished\":\"2025-06-11T11:49:56+00:00\",\"dateModified\":\"2025-06-04T12:50:37+00:00\",\"breadcrumb\":{\"@id\":\"https:\/\/www.bump.com.br\/blog\/comunicacao-visual-para-elevadores-padronizacao-e-acessibilidade-em-ambientes-corporativos\/#breadcrumb\"},\"inLanguage\":\"pt-BR\",\"potentialAction\":[{\"@type\":\"ReadAction\",\"target\":[\"https:\/\/www.bump.com.br\/blog\/comunicacao-visual-para-elevadores-padronizacao-e-acessibilidade-em-ambientes-corporativos\/\"]}]},{\"@type\":\"BreadcrumbList\",\"@id\":\"https:\/\/www.bump.com.br\/blog\/comunicacao-visual-para-elevadores-padronizacao-e-acessibilidade-em-ambientes-corporativos\/#breadcrumb\",\"itemListElement\":[{\"@type\":\"ListItem\",\"position\":1,\"name\":\"Home\",\"item\":\"https:\/\/www.bump.com.br\/blog\/\"},{\"@type\":\"ListItem\",\"position\":2,\"name\":\"Comunica\u00e7\u00e3o visual para elevadores: padroniza\u00e7\u00e3o e acessibilidade em ambientes corporativos\"}]},{\"@type\":\"WebSite\",\"@id\":\"https:\/\/www.bump.com.br\/blog\/#website\",\"url\":\"https:\/\/www.bump.com.br\/blog\/\",\"name\":\"Bump Comunica\u00e7\u00e3o Visual\",\"description\":\"\",\"publisher\":{\"@id\":\"https:\/\/www.bump.com.br\/blog\/#organization\"},\"potentialAction\":[{\"@type\":\"SearchAction\",\"target\":{\"@type\":\"EntryPoint\",\"urlTemplate\":\"https:\/\/www.bump.com.br\/blog\/?s={search_term_string}\"},\"query-input\":\"required name=search_term_string\"}],\"inLanguage\":\"pt-BR\"},{\"@type\":\"Organization\",\"@id\":\"https:\/\/www.bump.com.br\/blog\/#organization\",\"name\":\"Bump Comunica\u00e7\u00e3o Visual\",\"url\":\"https:\/\/www.bump.com.br\/blog\/\",\"logo\":{\"@type\":\"ImageObject\",\"inLanguage\":\"pt-BR\",\"@id\":\"https:\/\/www.bump.com.br\/blog\/#\/schema\/logo\/image\/\",\"url\":\"https:\/\/www.bump.com.br\/blog\/wp-content\/uploads\/2023\/08\/logo-bump-1948x1948-1.jpg\",\"contentUrl\":\"https:\/\/www.bump.com.br\/blog\/wp-content\/uploads\/2023\/08\/logo-bump-1948x1948-1.jpg\",\"width\":1948,\"height\":1948,\"caption\":\"Bump Comunica\u00e7\u00e3o Visual\"},\"image\":{\"@id\":\"https:\/\/www.bump.com.br\/blog\/#\/schema\/logo\/image\/\"}},{\"@type\":\"Person\",\"@id\":\"https:\/\/www.bump.com.br\/blog\/#\/schema\/person\/38e45c1500dcea5480ab560e12a44a6a\",\"name\":\"bump\",\"url\":\"https:\/\/www.bump.com.br\/blog\/author\/bump\/\"}]}<\/script>\n<!-- \/ Yoast SEO plugin. -->","yoast_head_json":{"title":"Comunica\u00e7\u00e3o visual para elevadores: padroniza\u00e7\u00e3o e acessibilidade em ambientes corporativos","robots":{"index":"index","follow":"follow","max-snippet":"max-snippet:-1","max-image-preview":"max-image-preview:large","max-video-preview":"max-video-preview:-1"},"canonical":"https:\/\/www.bump.com.br\/blog\/comunicacao-visual-para-elevadores-padronizacao-e-acessibilidade-em-ambientes-corporativos\/","og_locale":"pt_BR","og_type":"article","og_title":"Comunica\u00e7\u00e3o visual para elevadores: padroniza\u00e7\u00e3o e acessibilidade em ambientes corporativos","og_description":"Em qualquer edif\u00edcio corporativo, os elevadores representam pontos estrat\u00e9gicos de circula\u00e7\u00e3o e comunica\u00e7\u00e3o. Por serem usados diariamente por diferentes p\u00fablicos \u2014 colaboradores, fornecedores, visitantes e pessoas com defici\u00eancia \u2014 \u00e9 essencial que esses espa\u00e7os contem com uma comunica\u00e7\u00e3o visual clara, acess\u00edvel e padronizada. O que muitas empresas ainda n\u00e3o percebem \u00e9 que o elevador pode [&hellip;]","og_url":"https:\/\/www.bump.com.br\/blog\/comunicacao-visual-para-elevadores-padronizacao-e-acessibilidade-em-ambientes-corporativos\/","og_site_name":"Bump Comunica\u00e7\u00e3o Visual","article_published_time":"2025-06-11T11:49:56+00:00","article_modified_time":"2025-06-04T12:50:37+00:00","og_image":[{"width":1400,"height":800,"url":"https:\/\/www.bump.com.br\/blog\/wp-content\/uploads\/2025\/06\/bump-blog.png","type":"image\/png"}],"author":"bump","twitter_card":"summary_large_image","twitter_misc":{"Escrito por":"bump","Est. tempo de leitura":"3 minutos"},"schema":{"@context":"https:\/\/schema.org","@graph":[{"@type":"Article","@id":"https:\/\/www.bump.com.br\/blog\/comunicacao-visual-para-elevadores-padronizacao-e-acessibilidade-em-ambientes-corporativos\/#article","isPartOf":{"@id":"https:\/\/www.bump.com.br\/blog\/comunicacao-visual-para-elevadores-padronizacao-e-acessibilidade-em-ambientes-corporativos\/"},"author":{"name":"bump","@id":"https:\/\/www.bump.com.br\/blog\/#\/schema\/person\/38e45c1500dcea5480ab560e12a44a6a"},"headline":"Comunica\u00e7\u00e3o visual para elevadores: padroniza\u00e7\u00e3o e acessibilidade em ambientes corporativos","datePublished":"2025-06-11T11:49:56+00:00","dateModified":"2025-06-04T12:50:37+00:00","mainEntityOfPage":{"@id":"https:\/\/www.bump.com.br\/blog\/comunicacao-visual-para-elevadores-padronizacao-e-acessibilidade-em-ambientes-corporativos\/"},"wordCount":430,"publisher":{"@id":"https:\/\/www.bump.com.br\/blog\/#organization"},"articleSection":["Acessibilidade"],"inLanguage":"pt-BR"},{"@type":"WebPage","@id":"https:\/\/www.bump.com.br\/blog\/comunicacao-visual-para-elevadores-padronizacao-e-acessibilidade-em-ambientes-corporativos\/","url":"https:\/\/www.bump.com.br\/blog\/comunicacao-visual-para-elevadores-padronizacao-e-acessibilidade-em-ambientes-corporativos\/","name":"Comunica\u00e7\u00e3o visual para elevadores: padroniza\u00e7\u00e3o e acessibilidade em ambientes corporativos","isPartOf":{"@id":"https:\/\/www.bump.com.br\/blog\/#website"},"datePublished":"2025-06-11T11:49:56+00:00","dateModified":"2025-06-04T12:50:37+00:00","breadcrumb":{"@id":"https:\/\/www.bump.com.br\/blog\/comunicacao-visual-para-elevadores-padronizacao-e-acessibilidade-em-ambientes-corporativos\/#breadcrumb"},"inLanguage":"pt-BR","potentialAction":[{"@type":"ReadAction","target":["https:\/\/www.bump.com.br\/blog\/comunicacao-visual-para-elevadores-padronizacao-e-acessibilidade-em-ambientes-corporativos\/"]}]},{"@type":"BreadcrumbList","@id":"https:\/\/www.bump.com.br\/blog\/comunicacao-visual-para-elevadores-padronizacao-e-acessibilidade-em-ambientes-corporativos\/#breadcrumb","itemListElement":[{"@type":"ListItem","position":1,"name":"Home","item":"https:\/\/www.bump.com.br\/blog\/"},{"@type":"ListItem","position":2,"name":"Comunica\u00e7\u00e3o visual para elevadores: padroniza\u00e7\u00e3o e acessibilidade em ambientes corporativos"}]},{"@type":"WebSite","@id":"https:\/\/www.bump.com.br\/blog\/#website","url":"https:\/\/www.bump.com.br\/blog\/","name":"Bump Comunica\u00e7\u00e3o Visual","description":"","publisher":{"@id":"https:\/\/www.bump.com.br\/blog\/#organization"},"potentialAction":[{"@type":"SearchAction","target":{"@type":"EntryPoint","urlTemplate":"https:\/\/www.bump.com.br\/blog\/?s={search_term_string}"},"query-input":"required name=search_term_string"}],"inLanguage":"pt-BR"},{"@type":"Organization","@id":"https:\/\/www.bump.com.br\/blog\/#organization","name":"Bump Comunica\u00e7\u00e3o Visual","url":"https:\/\/www.bump.com.br\/blog\/","logo":{"@type":"ImageObject","inLanguage":"pt-BR","@id":"https:\/\/www.bump.com.br\/blog\/#\/schema\/logo\/image\/","url":"https:\/\/www.bump.com.br\/blog\/wp-content\/uploads\/2023\/08\/logo-bump-1948x1948-1.jpg","contentUrl":"https:\/\/www.bump.com.br\/blog\/wp-content\/uploads\/2023\/08\/logo-bump-1948x1948-1.jpg","width":1948,"height":1948,"caption":"Bump Comunica\u00e7\u00e3o Visual"},"image":{"@id":"https:\/\/www.bump.com.br\/blog\/#\/schema\/logo\/image\/"}},{"@type":"Person","@id":"https:\/\/www.bump.com.br\/blog\/#\/schema\/person\/38e45c1500dcea5480ab560e12a44a6a","name":"bump","url":"https:\/\/www.bump.com.br\/blog\/author\/bump\/"}]}},"_links":{"self":[{"href":"https:\/\/www.bump.com.br\/blog\/wp-json\/wp\/v2\/posts\/1304"}],"collection":[{"href":"https:\/\/www.bump.com.br\/blog\/wp-json\/wp\/v2\/posts"}],"about":[{"href":"https:\/\/www.bump.com.br\/blog\/wp-json\/wp\/v2\/types\/post"}],"author":[{"embeddable":true,"href":"https:\/\/www.bump.com.br\/blog\/wp-json\/wp\/v2\/users\/2"}],"replies":[{"embeddable":true,"href":"https:\/\/www.bump.com.br\/blog\/wp-json\/wp\/v2\/comments?post=1304"}],"version-history":[{"count":1,"href":"https:\/\/www.bump.com.br\/blog\/wp-json\/wp\/v2\/posts\/1304\/revisions"}],"predecessor-version":[{"id":1306,"href":"https:\/\/www.bump.com.br\/blog\/wp-json\/wp\/v2\/posts\/1304\/revisions\/1306"}],"wp:featuredmedia":[{"embeddable":true,"href":"https:\/\/www.bump.com.br\/blog\/wp-json\/wp\/v2\/media\/1305"}],"wp:attachment":[{"href":"https:\/\/www.bump.com.br\/blog\/wp-json\/wp\/v2\/media?parent=1304"}],"wp:term":[{"taxonomy":"category","embeddable":true,"href":"https:\/\/www.bump.com.br\/blog\/wp-json\/wp\/v2\/categories?post=1304"},{"taxonomy":"post_tag","embeddable":true,"href":"https:\/\/www.bump.com.br\/blog\/wp-json\/wp\/v2\/tags?post=1304"}],"curies":[{"name":"wp","href":"https:\/\/api.w.org\/{rel}","templated":true}]}}