{"id":114,"date":"2019-08-29T17:20:38","date_gmt":"2019-08-29T20:20:38","guid":{"rendered":"http:\/\/www.bump.com.br\/blog\/?p=114"},"modified":"2023-02-22T09:26:48","modified_gmt":"2023-02-22T12:26:48","slug":"inclusao-e-acessibilidade-nas-empresas","status":"publish","type":"post","link":"https:\/\/www.bump.com.br\/blog\/inclusao-e-acessibilidade-nas-empresas\/","title":{"rendered":"Inclus\u00e3o e acessibilidade nas empresas \u00e9 Lei \u2013 Fique atento \u00e0s multas e penalidades"},"content":{"rendered":"\r\n<p>Acessibilidade e inclus\u00e3o nas empresas s\u00e3o temas que toda organiza\u00e7\u00e3o preocupada com o futuro e o impacto das quest\u00f5es sociais deveria colocar em pr\u00e1tica. Para al\u00e9m dessa consci\u00eancia importante, existe a Lei Brasileira de Inclus\u00e3o (LBI) e a Lei de Cotas, ou seja, os projetos que n\u00e3o inclu\u00edrem estruturas de acessibilidade podem ser multados.<\/p>\r\n\r\n\r\n\r\n<p>O artigo esclarece quais s\u00e3o as poss\u00edveis multas ao n\u00e3o cumprir com a acessibilidade e inclus\u00e3o nas empresas e a import\u00e2ncia de consultar a LBI, como tamb\u00e9m adequar o projeto arquitet\u00f4nico, estrutura e design do empreendimento a essas exig\u00eancias.<\/p>\r\n\r\n\r\n\r\n<h2 class=\"wp-block-heading\"><strong>Inclus\u00e3o e acessibilidade \u00e9 Lei!<\/strong><\/h2>\r\n<p><img decoding=\"async\" loading=\"lazy\" class=\"alignnone wp-image-121\" src=\"http:\/\/www.bump.com.br\/blog\/wp-content\/uploads\/2019\/08\/PHOTO-2019-08-09-07-52-46-3-1024x768.jpg\" alt=\"\" width=\"700\" height=\"525\" data-id=\"117\" data-link=\"http:\/\/www.bump.com.br\/blog\/?attachment_id=117\" srcset=\"https:\/\/www.bump.com.br\/blog\/wp-content\/uploads\/2019\/08\/PHOTO-2019-08-09-07-52-46-3-1024x768.jpg 1024w, https:\/\/www.bump.com.br\/blog\/wp-content\/uploads\/2019\/08\/PHOTO-2019-08-09-07-52-46-3-300x225.jpg 300w, https:\/\/www.bump.com.br\/blog\/wp-content\/uploads\/2019\/08\/PHOTO-2019-08-09-07-52-46-3-768x576.jpg 768w, https:\/\/www.bump.com.br\/blog\/wp-content\/uploads\/2019\/08\/PHOTO-2019-08-09-07-52-46-3-533x400.jpg 533w, https:\/\/www.bump.com.br\/blog\/wp-content\/uploads\/2019\/08\/PHOTO-2019-08-09-07-52-46-3.jpg 1032w\" sizes=\"(max-width: 700px) 100vw, 700px\" \/><\/p>\r\n\r\n\r\n\r\n<p>Embora n\u00e3o exista o valor da multa especificado pela LBI, quando ocorrem situa\u00e7\u00f5es que possam gerar a penalidade prevista, o juiz determinar\u00e1 qual ser\u00e1 o valor que a empresa ir\u00e1 arcar. Ser\u00e1 avaliado o grau do dano provocado pela aus\u00eancia de acessibilidade para a v\u00edtima ou no \u00e2mbito social.<\/p>\r\n\r\n\r\n\r\n<p>O Minist\u00e9rio P\u00fablico do Trabalho realiza mensalmente vistorias sobre as Leis de Cotas de acordo com a\u00a0Portaria Interministerial de Estado do Trabalho e Previd\u00eancia Social \u2013 MTPS\/MF N\u00ba 1 DE 08.01.2016. Todas as empresas devem cumprir com o n\u00famero de funcion\u00e1rios com defici\u00eancias descritos.<\/p>\r\n\r\n\r\n\r\n<p><strong>Leia:<\/strong> <a href=\"http:\/\/www.bump.com.br\/blog\/?p=69\">Sinaliza\u00e7\u00e3o de emerg\u00eancia NBR &#8211; Toda empresa precisa? Confira as regras<\/a><\/p>\r\n\r\n\r\n\r\n<h2 class=\"wp-block-heading\"><strong>Projetos necessitam se enquadrar na norma NBR<\/strong><\/h2>\r\n<p><img decoding=\"async\" loading=\"lazy\" class=\"alignnone wp-image-118\" src=\"http:\/\/www.bump.com.br\/blog\/wp-content\/uploads\/2019\/08\/PHOTO-2019-08-06-20-38-48-576x1024.jpg\" alt=\"\" width=\"394\" height=\"700\" data-id=\"118\" data-link=\"http:\/\/www.bump.com.br\/blog\/?attachment_id=118\" srcset=\"https:\/\/www.bump.com.br\/blog\/wp-content\/uploads\/2019\/08\/PHOTO-2019-08-06-20-38-48-576x1024.jpg 576w, https:\/\/www.bump.com.br\/blog\/wp-content\/uploads\/2019\/08\/PHOTO-2019-08-06-20-38-48-169x300.jpg 169w, https:\/\/www.bump.com.br\/blog\/wp-content\/uploads\/2019\/08\/PHOTO-2019-08-06-20-38-48-225x400.jpg 225w, https:\/\/www.bump.com.br\/blog\/wp-content\/uploads\/2019\/08\/PHOTO-2019-08-06-20-38-48.jpg 585w\" sizes=\"(max-width: 394px) 100vw, 394px\" \/><\/p>\r\n\r\n\r\n\r\n<p>Falar em modernidade, futurismo e n\u00e3o incluir pensar na acessibilidade \u00e9 um erro que facilmente os grandes projetos podem cometer ao n\u00e3o se atentar a norma NBR 9050.<\/p>\r\n\r\n\r\n\r\n<p>Foi o que j\u00e1 ocorreu com o est\u00e1dio do Corinthians, Itaquer\u00e3o, que foi multado pela Supervis\u00e3o T\u00e9cnica de Fiscaliza\u00e7\u00e3o da Prefeitura de S\u00e3o Paulo, por n\u00e3o se adequar \u00e0s conformidades t\u00e9cnicas de\u00a0<a href=\"http:\/\/blog.handtalk.me\/lei-de-acessibilidade-para-empresas-multa-post\/\" target=\"_blank\" rel=\"noreferrer noopener\">acessibilidade da NBR<\/a>.<\/p>\r\n\r\n\r\n\r\n<p>O valor da multa foi de 7 mil reais, pode n\u00e3o ser alta para um clube grande, no entanto, o est\u00e1dio ficou interditado por alguns dias para que as obras necess\u00e1rias fossem implantadas, o que repercutiu em preju\u00edzos.<\/p>\r\n\r\n\r\n\r\n<p>O engenheiro e especialista no desenvolvimento de projetos de acessibilidade e comunica\u00e7\u00e3o visual, Ralph Chezzi, indica como prioridade a inclus\u00e3o das normas desde a planta dos projetos de design a arquitetura do empreendimento.\u00a0<\/p>\r\n\r\n\r\n\r\n<p><strong>\u201cO erro que gera a penalidade ou perda em lucros, por conta da interdi\u00e7\u00e3o, \u00e9 o fato das empresas se preocuparem com essa exig\u00eancia somente ap\u00f3s inaugurar a obra\u201d, alerta.<\/strong><\/p>\r\n\r\n\r\n\r\n<p><strong>Confira:<\/strong> <a href=\"http:\/\/www.bump.com.br\/blog\/?p=24\">Leis de acessibilidade no Brasil &#8211; sinaliza\u00e7\u00e3o obrigat\u00f3ria para deficientes visuais<\/a><\/p>\r\n\r\n\r\n\r\n<h2 class=\"wp-block-heading\"><strong>Por que pensar num planejamento de acessibilidade?<\/strong><\/h2>\r\n<p><img decoding=\"async\" loading=\"lazy\" class=\"alignnone wp-image-120\" src=\"http:\/\/www.bump.com.br\/blog\/wp-content\/uploads\/2019\/08\/PHOTO-2019-08-09-07-52-44-1-1024x768.jpg\" alt=\"\" width=\"700\" height=\"525\" data-id=\"120\" data-link=\"http:\/\/www.bump.com.br\/blog\/?attachment_id=120\" srcset=\"https:\/\/www.bump.com.br\/blog\/wp-content\/uploads\/2019\/08\/PHOTO-2019-08-09-07-52-44-1-1024x768.jpg 1024w, https:\/\/www.bump.com.br\/blog\/wp-content\/uploads\/2019\/08\/PHOTO-2019-08-09-07-52-44-1-300x225.jpg 300w, https:\/\/www.bump.com.br\/blog\/wp-content\/uploads\/2019\/08\/PHOTO-2019-08-09-07-52-44-1-768x576.jpg 768w, https:\/\/www.bump.com.br\/blog\/wp-content\/uploads\/2019\/08\/PHOTO-2019-08-09-07-52-44-1-533x400.jpg 533w, https:\/\/www.bump.com.br\/blog\/wp-content\/uploads\/2019\/08\/PHOTO-2019-08-09-07-52-44-1.jpg 1032w\" sizes=\"(max-width: 700px) 100vw, 700px\" \/><\/p>\r\n\r\n\r\n\r\n<p>As empresas que pensam em acessibilidade muito al\u00e9m das exig\u00eancias por lei, est\u00e3o \u00e0 frente e adequadas aos modelos de neg\u00f3cio do futuro.\u00a0<a href=\"http:\/\/blog.handtalk.me\/investir-em-acessibilidade\/?utm_source=Blog&amp;utm_medium=Multa_Link\" target=\"_blank\" rel=\"noreferrer noopener\">O investimento \u00e9 muito inferior<\/a>\u00a0aos gastos gerais obtidos num projeto, chegando a 0,2%. \u00c9 preciso adequar \u00e0s estrat\u00e9gias inclusivas tanto para os funcion\u00e1rios, como tamb\u00e9m para os clientes.<\/p>\r\n\r\n\r\n\r\n<p>As adapta\u00e7\u00f5es de acessibilidade planejadas com anteced\u00eancia atribuem uma s\u00e9rie de vantagens, al\u00e9m da economia.<\/p>\r\n\r\n\r\n\r\n<p>De acordo com o engenheiro \u00e9 fundamental contar com uma equipe especializada com dom\u00ednio de quais s\u00e3o as normas NBR e ABNT vigentes para o perfil do empreendimento. \u201cExistem placas de sinaliza\u00e7\u00e3o em braile, piso t\u00e1til, recursos audiovisuais e muitos outros, que podem ser integrados em pontos estrat\u00e9gicos\u201d, completa.<\/p>\r\n\r\n\r\n\r\n<p>Planejar a estrutura de inclus\u00e3o e acessibilidade nas empresas garante adequar as normas ao conceito do empreendimento, al\u00e9m de ter tempo h\u00e1bil para sele\u00e7\u00e3o dos materiais e instala\u00e7\u00f5es necess\u00e1rias. \u201cNos projetos de acessibilidade s\u00e3o elaborados designers a partir de materiais espec\u00edficos. \u00c9 um trabalho em equipe entre engenheiro, designer e arquiteto\u201d, explica.<\/p>\r\n\r\n\r\n\r\n<h2 class=\"wp-block-heading\"><strong>Acessibilidade e pr\u00e1ticas sustent\u00e1veis caminham juntas<\/strong><\/h2>\r\n<p><img decoding=\"async\" loading=\"lazy\" class=\"alignnone wp-image-121\" src=\"http:\/\/www.bump.com.br\/blog\/wp-content\/uploads\/2019\/08\/PHOTO-2019-08-09-07-52-46-3-1024x768.jpg\" alt=\"\" width=\"700\" height=\"525\" data-id=\"121\" data-link=\"http:\/\/www.bump.com.br\/blog\/?attachment_id=121\" srcset=\"https:\/\/www.bump.com.br\/blog\/wp-content\/uploads\/2019\/08\/PHOTO-2019-08-09-07-52-46-3-1024x768.jpg 1024w, https:\/\/www.bump.com.br\/blog\/wp-content\/uploads\/2019\/08\/PHOTO-2019-08-09-07-52-46-3-300x225.jpg 300w, https:\/\/www.bump.com.br\/blog\/wp-content\/uploads\/2019\/08\/PHOTO-2019-08-09-07-52-46-3-768x576.jpg 768w, https:\/\/www.bump.com.br\/blog\/wp-content\/uploads\/2019\/08\/PHOTO-2019-08-09-07-52-46-3-533x400.jpg 533w, https:\/\/www.bump.com.br\/blog\/wp-content\/uploads\/2019\/08\/PHOTO-2019-08-09-07-52-46-3.jpg 1032w\" sizes=\"(max-width: 700px) 100vw, 700px\" \/><\/p>\r\n\r\n\r\n\r\n<p>Um projeto de arquitetura e sinaliza\u00e7\u00e3o para deficientes visuais inclui mapas em braile, sinais sonoros e pisos espec\u00edficos. Conforme a ABNT NBR 9050 a altura do mapa t\u00e1til, por exemplo, deve ter entre 0,90 m e 1,10 m. O piso t\u00e1til est\u00e1 previsto nas normas ABNT NBR 9050 e ABNT NBR 16.537.<\/p>\r\n\r\n\r\n\r\n<p>Recentemente o\u00a0<a href=\"https:\/\/grupobomdia.com.br\/globo-inaugura-o-mg4-conjunto-de-3-novos-estudios-que-amplia-o-maior-complexo-de-producao-de-conteudo-da-america-latina\/\" target=\"_blank\" rel=\"noreferrer noopener\">est\u00fadio MG4 da Rede Globo<\/a>\u00a0foi inaugurado, sendo exemplo em constru\u00e7\u00e3o sustent\u00e1vel totalmente projetado para atender pessoas com defici\u00eancia. A energia do local \u00e9 100% obtida atrav\u00e9s de fontes renov\u00e1veis, conta com ilumina\u00e7\u00e3o 100% LED e telhados verdes para capta\u00e7\u00e3o da energia solar.<\/p>\r\n\r\n\r\n\r\n<p>A obra possui rampas de acesso, piso t\u00e1til e sinalizadores espalhados em pontos estrat\u00e9gicos. A \u00e1rea total \u00e9 de 1,73 milh\u00e3o de metros quadrados e levou cerca de 5 anos para ser constru\u00edda. \u00a0<\/p>\r\n<p><img decoding=\"async\" loading=\"lazy\" class=\"alignnone wp-image-122\" src=\"http:\/\/www.bump.com.br\/blog\/wp-content\/uploads\/2019\/08\/PHOTO-2019-08-09-07-52-47-1024x768.jpg\" alt=\"\" width=\"700\" height=\"525\" data-id=\"122\" data-link=\"http:\/\/www.bump.com.br\/blog\/?attachment_id=122\" srcset=\"https:\/\/www.bump.com.br\/blog\/wp-content\/uploads\/2019\/08\/PHOTO-2019-08-09-07-52-47-1024x768.jpg 1024w, https:\/\/www.bump.com.br\/blog\/wp-content\/uploads\/2019\/08\/PHOTO-2019-08-09-07-52-47-300x225.jpg 300w, https:\/\/www.bump.com.br\/blog\/wp-content\/uploads\/2019\/08\/PHOTO-2019-08-09-07-52-47-768x576.jpg 768w, https:\/\/www.bump.com.br\/blog\/wp-content\/uploads\/2019\/08\/PHOTO-2019-08-09-07-52-47-533x400.jpg 533w, https:\/\/www.bump.com.br\/blog\/wp-content\/uploads\/2019\/08\/PHOTO-2019-08-09-07-52-47.jpg 1032w\" sizes=\"(max-width: 700px) 100vw, 700px\" \/><\/p>\r\n","protected":false},"excerpt":{"rendered":"<p>Acessibilidade e inclus\u00e3o nas empresas s\u00e3o temas que toda organiza\u00e7\u00e3o preocupada com o futuro e o impacto das quest\u00f5es sociais deveria colocar em pr\u00e1tica. Para al\u00e9m dessa consci\u00eancia importante, existe a Lei Brasileira de Inclus\u00e3o (LBI) e a Lei de Cotas, ou seja, os projetos que n\u00e3o inclu\u00edrem estruturas de acessibilidade podem ser multados. O [&hellip;]<\/p>\n","protected":false},"author":2,"featured_media":116,"comment_status":"open","ping_status":"open","sticky":false,"template":"","format":"standard","meta":{"footnotes":""},"categories":[12],"tags":[27],"yoast_head":"<!-- This site is optimized with the Yoast SEO plugin v21.0 - https:\/\/yoast.com\/wordpress\/plugins\/seo\/ -->\n<title>Inclus\u00e3o e acessibilidade nas empresas \u00e9 Lei \u2013 Fique atento<\/title>\n<meta name=\"description\" content=\"Planejar a estrutura de inclus\u00e3o e acessibilidade nas empresas garante adequar as normas \u00e0 estrutura e conceito do empreendimento\" \/>\n<meta name=\"robots\" content=\"index, follow, max-snippet:-1, max-image-preview:large, max-video-preview:-1\" \/>\n<link rel=\"canonical\" href=\"https:\/\/www.bump.com.br\/blog\/inclusao-e-acessibilidade-nas-empresas\/\" \/>\n<meta property=\"og:locale\" content=\"pt_BR\" \/>\n<meta property=\"og:type\" content=\"article\" \/>\n<meta property=\"og:title\" content=\"Inclus\u00e3o e acessibilidade nas empresas \u00e9 Lei \u2013 Fique atento\" \/>\n<meta property=\"og:description\" content=\"Planejar a estrutura de inclus\u00e3o e acessibilidade nas empresas garante adequar as normas \u00e0 estrutura e conceito do empreendimento\" \/>\n<meta property=\"og:url\" content=\"https:\/\/www.bump.com.br\/blog\/inclusao-e-acessibilidade-nas-empresas\/\" \/>\n<meta property=\"og:site_name\" content=\"Bump Comunica\u00e7\u00e3o Visual\" \/>\n<meta property=\"article:published_time\" content=\"2019-08-29T20:20:38+00:00\" \/>\n<meta property=\"article:modified_time\" content=\"2023-02-22T12:26:48+00:00\" \/>\n<meta property=\"og:image\" content=\"http:\/\/www.bump.com.br\/blog\/wp-content\/uploads\/2019\/08\/PHOTO-2019-08-09-07-52-43.jpg\" \/>\n\t<meta property=\"og:image:width\" content=\"774\" \/>\n\t<meta property=\"og:image:height\" content=\"1032\" \/>\n\t<meta property=\"og:image:type\" content=\"image\/jpeg\" \/>\n<meta name=\"author\" content=\"bump\" \/>\n<meta name=\"twitter:card\" content=\"summary_large_image\" \/>\n<meta name=\"twitter:label1\" content=\"Escrito por\" \/>\n\t<meta name=\"twitter:data1\" content=\"bump\" \/>\n\t<meta name=\"twitter:label2\" content=\"Est. tempo de leitura\" \/>\n\t<meta name=\"twitter:data2\" content=\"5 minutos\" \/>\n<script type=\"application\/ld+json\" class=\"yoast-schema-graph\">{\"@context\":\"https:\/\/schema.org\",\"@graph\":[{\"@type\":\"Article\",\"@id\":\"https:\/\/www.bump.com.br\/blog\/inclusao-e-acessibilidade-nas-empresas\/#article\",\"isPartOf\":{\"@id\":\"https:\/\/www.bump.com.br\/blog\/inclusao-e-acessibilidade-nas-empresas\/\"},\"author\":{\"name\":\"bump\",\"@id\":\"https:\/\/www.bump.com.br\/blog\/#\/schema\/person\/38e45c1500dcea5480ab560e12a44a6a\"},\"headline\":\"Inclus\u00e3o e acessibilidade nas empresas \u00e9 Lei \u2013 Fique atento \u00e0s multas e penalidades\",\"datePublished\":\"2019-08-29T20:20:38+00:00\",\"dateModified\":\"2023-02-22T12:26:48+00:00\",\"mainEntityOfPage\":{\"@id\":\"https:\/\/www.bump.com.br\/blog\/inclusao-e-acessibilidade-nas-empresas\/\"},\"wordCount\":781,\"commentCount\":28,\"publisher\":{\"@id\":\"https:\/\/www.bump.com.br\/blog\/#organization\"},\"keywords\":[\"inclusao e acessibilidade nas empresas\"],\"articleSection\":[\"Acessibilidade\"],\"inLanguage\":\"pt-BR\",\"potentialAction\":[{\"@type\":\"CommentAction\",\"name\":\"Comment\",\"target\":[\"https:\/\/www.bump.com.br\/blog\/inclusao-e-acessibilidade-nas-empresas\/#respond\"]}]},{\"@type\":\"WebPage\",\"@id\":\"https:\/\/www.bump.com.br\/blog\/inclusao-e-acessibilidade-nas-empresas\/\",\"url\":\"https:\/\/www.bump.com.br\/blog\/inclusao-e-acessibilidade-nas-empresas\/\",\"name\":\"Inclus\u00e3o e acessibilidade nas empresas \u00e9 Lei \u2013 Fique atento\",\"isPartOf\":{\"@id\":\"https:\/\/www.bump.com.br\/blog\/#website\"},\"datePublished\":\"2019-08-29T20:20:38+00:00\",\"dateModified\":\"2023-02-22T12:26:48+00:00\",\"description\":\"Planejar a estrutura de inclus\u00e3o e acessibilidade nas empresas garante adequar as normas \u00e0 estrutura e conceito do empreendimento\",\"breadcrumb\":{\"@id\":\"https:\/\/www.bump.com.br\/blog\/inclusao-e-acessibilidade-nas-empresas\/#breadcrumb\"},\"inLanguage\":\"pt-BR\",\"potentialAction\":[{\"@type\":\"ReadAction\",\"target\":[\"https:\/\/www.bump.com.br\/blog\/inclusao-e-acessibilidade-nas-empresas\/\"]}]},{\"@type\":\"BreadcrumbList\",\"@id\":\"https:\/\/www.bump.com.br\/blog\/inclusao-e-acessibilidade-nas-empresas\/#breadcrumb\",\"itemListElement\":[{\"@type\":\"ListItem\",\"position\":1,\"name\":\"Home\",\"item\":\"https:\/\/www.bump.com.br\/blog\/\"},{\"@type\":\"ListItem\",\"position\":2,\"name\":\"Inclus\u00e3o e acessibilidade nas empresas \u00e9 Lei \u2013 Fique atento \u00e0s multas e penalidades\"}]},{\"@type\":\"WebSite\",\"@id\":\"https:\/\/www.bump.com.br\/blog\/#website\",\"url\":\"https:\/\/www.bump.com.br\/blog\/\",\"name\":\"Bump Comunica\u00e7\u00e3o Visual\",\"description\":\"\",\"publisher\":{\"@id\":\"https:\/\/www.bump.com.br\/blog\/#organization\"},\"potentialAction\":[{\"@type\":\"SearchAction\",\"target\":{\"@type\":\"EntryPoint\",\"urlTemplate\":\"https:\/\/www.bump.com.br\/blog\/?s={search_term_string}\"},\"query-input\":\"required name=search_term_string\"}],\"inLanguage\":\"pt-BR\"},{\"@type\":\"Organization\",\"@id\":\"https:\/\/www.bump.com.br\/blog\/#organization\",\"name\":\"Bump Comunica\u00e7\u00e3o Visual\",\"url\":\"https:\/\/www.bump.com.br\/blog\/\",\"logo\":{\"@type\":\"ImageObject\",\"inLanguage\":\"pt-BR\",\"@id\":\"https:\/\/www.bump.com.br\/blog\/#\/schema\/logo\/image\/\",\"url\":\"https:\/\/www.bump.com.br\/blog\/wp-content\/uploads\/2023\/08\/logo-bump-1948x1948-1.jpg\",\"contentUrl\":\"https:\/\/www.bump.com.br\/blog\/wp-content\/uploads\/2023\/08\/logo-bump-1948x1948-1.jpg\",\"width\":1948,\"height\":1948,\"caption\":\"Bump Comunica\u00e7\u00e3o Visual\"},\"image\":{\"@id\":\"https:\/\/www.bump.com.br\/blog\/#\/schema\/logo\/image\/\"}},{\"@type\":\"Person\",\"@id\":\"https:\/\/www.bump.com.br\/blog\/#\/schema\/person\/38e45c1500dcea5480ab560e12a44a6a\",\"name\":\"bump\",\"url\":\"https:\/\/www.bump.com.br\/blog\/author\/bump\/\"}]}<\/script>\n<!-- \/ Yoast SEO plugin. -->","yoast_head_json":{"title":"Inclus\u00e3o e acessibilidade nas empresas \u00e9 Lei \u2013 Fique atento","description":"Planejar a estrutura de inclus\u00e3o e acessibilidade nas empresas garante adequar as normas \u00e0 estrutura e conceito do empreendimento","robots":{"index":"index","follow":"follow","max-snippet":"max-snippet:-1","max-image-preview":"max-image-preview:large","max-video-preview":"max-video-preview:-1"},"canonical":"https:\/\/www.bump.com.br\/blog\/inclusao-e-acessibilidade-nas-empresas\/","og_locale":"pt_BR","og_type":"article","og_title":"Inclus\u00e3o e acessibilidade nas empresas \u00e9 Lei \u2013 Fique atento","og_description":"Planejar a estrutura de inclus\u00e3o e acessibilidade nas empresas garante adequar as normas \u00e0 estrutura e conceito do empreendimento","og_url":"https:\/\/www.bump.com.br\/blog\/inclusao-e-acessibilidade-nas-empresas\/","og_site_name":"Bump Comunica\u00e7\u00e3o Visual","article_published_time":"2019-08-29T20:20:38+00:00","article_modified_time":"2023-02-22T12:26:48+00:00","og_image":[{"width":774,"height":1032,"url":"http:\/\/www.bump.com.br\/blog\/wp-content\/uploads\/2019\/08\/PHOTO-2019-08-09-07-52-43.jpg","type":"image\/jpeg"}],"author":"bump","twitter_card":"summary_large_image","twitter_misc":{"Escrito por":"bump","Est. tempo de leitura":"5 minutos"},"schema":{"@context":"https:\/\/schema.org","@graph":[{"@type":"Article","@id":"https:\/\/www.bump.com.br\/blog\/inclusao-e-acessibilidade-nas-empresas\/#article","isPartOf":{"@id":"https:\/\/www.bump.com.br\/blog\/inclusao-e-acessibilidade-nas-empresas\/"},"author":{"name":"bump","@id":"https:\/\/www.bump.com.br\/blog\/#\/schema\/person\/38e45c1500dcea5480ab560e12a44a6a"},"headline":"Inclus\u00e3o e acessibilidade nas empresas \u00e9 Lei \u2013 Fique atento \u00e0s multas e penalidades","datePublished":"2019-08-29T20:20:38+00:00","dateModified":"2023-02-22T12:26:48+00:00","mainEntityOfPage":{"@id":"https:\/\/www.bump.com.br\/blog\/inclusao-e-acessibilidade-nas-empresas\/"},"wordCount":781,"commentCount":28,"publisher":{"@id":"https:\/\/www.bump.com.br\/blog\/#organization"},"keywords":["inclusao e acessibilidade nas empresas"],"articleSection":["Acessibilidade"],"inLanguage":"pt-BR","potentialAction":[{"@type":"CommentAction","name":"Comment","target":["https:\/\/www.bump.com.br\/blog\/inclusao-e-acessibilidade-nas-empresas\/#respond"]}]},{"@type":"WebPage","@id":"https:\/\/www.bump.com.br\/blog\/inclusao-e-acessibilidade-nas-empresas\/","url":"https:\/\/www.bump.com.br\/blog\/inclusao-e-acessibilidade-nas-empresas\/","name":"Inclus\u00e3o e acessibilidade nas empresas \u00e9 Lei \u2013 Fique atento","isPartOf":{"@id":"https:\/\/www.bump.com.br\/blog\/#website"},"datePublished":"2019-08-29T20:20:38+00:00","dateModified":"2023-02-22T12:26:48+00:00","description":"Planejar a estrutura de inclus\u00e3o e acessibilidade nas empresas garante adequar as normas \u00e0 estrutura e conceito do empreendimento","breadcrumb":{"@id":"https:\/\/www.bump.com.br\/blog\/inclusao-e-acessibilidade-nas-empresas\/#breadcrumb"},"inLanguage":"pt-BR","potentialAction":[{"@type":"ReadAction","target":["https:\/\/www.bump.com.br\/blog\/inclusao-e-acessibilidade-nas-empresas\/"]}]},{"@type":"BreadcrumbList","@id":"https:\/\/www.bump.com.br\/blog\/inclusao-e-acessibilidade-nas-empresas\/#breadcrumb","itemListElement":[{"@type":"ListItem","position":1,"name":"Home","item":"https:\/\/www.bump.com.br\/blog\/"},{"@type":"ListItem","position":2,"name":"Inclus\u00e3o e acessibilidade nas empresas \u00e9 Lei \u2013 Fique atento \u00e0s multas e penalidades"}]},{"@type":"WebSite","@id":"https:\/\/www.bump.com.br\/blog\/#website","url":"https:\/\/www.bump.com.br\/blog\/","name":"Bump Comunica\u00e7\u00e3o Visual","description":"","publisher":{"@id":"https:\/\/www.bump.com.br\/blog\/#organization"},"potentialAction":[{"@type":"SearchAction","target":{"@type":"EntryPoint","urlTemplate":"https:\/\/www.bump.com.br\/blog\/?s={search_term_string}"},"query-input":"required name=search_term_string"}],"inLanguage":"pt-BR"},{"@type":"Organization","@id":"https:\/\/www.bump.com.br\/blog\/#organization","name":"Bump Comunica\u00e7\u00e3o Visual","url":"https:\/\/www.bump.com.br\/blog\/","logo":{"@type":"ImageObject","inLanguage":"pt-BR","@id":"https:\/\/www.bump.com.br\/blog\/#\/schema\/logo\/image\/","url":"https:\/\/www.bump.com.br\/blog\/wp-content\/uploads\/2023\/08\/logo-bump-1948x1948-1.jpg","contentUrl":"https:\/\/www.bump.com.br\/blog\/wp-content\/uploads\/2023\/08\/logo-bump-1948x1948-1.jpg","width":1948,"height":1948,"caption":"Bump Comunica\u00e7\u00e3o Visual"},"image":{"@id":"https:\/\/www.bump.com.br\/blog\/#\/schema\/logo\/image\/"}},{"@type":"Person","@id":"https:\/\/www.bump.com.br\/blog\/#\/schema\/person\/38e45c1500dcea5480ab560e12a44a6a","name":"bump","url":"https:\/\/www.bump.com.br\/blog\/author\/bump\/"}]}},"_links":{"self":[{"href":"https:\/\/www.bump.com.br\/blog\/wp-json\/wp\/v2\/posts\/114"}],"collection":[{"href":"https:\/\/www.bump.com.br\/blog\/wp-json\/wp\/v2\/posts"}],"about":[{"href":"https:\/\/www.bump.com.br\/blog\/wp-json\/wp\/v2\/types\/post"}],"author":[{"embeddable":true,"href":"https:\/\/www.bump.com.br\/blog\/wp-json\/wp\/v2\/users\/2"}],"replies":[{"embeddable":true,"href":"https:\/\/www.bump.com.br\/blog\/wp-json\/wp\/v2\/comments?post=114"}],"version-history":[{"count":6,"href":"https:\/\/www.bump.com.br\/blog\/wp-json\/wp\/v2\/posts\/114\/revisions"}],"predecessor-version":[{"id":566,"href":"https:\/\/www.bump.com.br\/blog\/wp-json\/wp\/v2\/posts\/114\/revisions\/566"}],"wp:featuredmedia":[{"embeddable":true,"href":"https:\/\/www.bump.com.br\/blog\/wp-json\/wp\/v2\/media\/116"}],"wp:attachment":[{"href":"https:\/\/www.bump.com.br\/blog\/wp-json\/wp\/v2\/media?parent=114"}],"wp:term":[{"taxonomy":"category","embeddable":true,"href":"https:\/\/www.bump.com.br\/blog\/wp-json\/wp\/v2\/categories?post=114"},{"taxonomy":"post_tag","embeddable":true,"href":"https:\/\/www.bump.com.br\/blog\/wp-json\/wp\/v2\/tags?post=114"}],"curies":[{"name":"wp","href":"https:\/\/api.w.org\/{rel}","templated":true}]}}