{"id":1006,"date":"2024-11-29T11:41:48","date_gmt":"2024-11-29T14:41:48","guid":{"rendered":"https:\/\/www.bump.com.br\/blog\/?p=1006"},"modified":"2024-11-28T08:52:16","modified_gmt":"2024-11-28T11:52:16","slug":"sinalizacao-corporativa-para-espacos-multifuncionais-praticas-para-orientacao-e-seguranca","status":"publish","type":"post","link":"https:\/\/www.bump.com.br\/blog\/sinalizacao-corporativa-para-espacos-multifuncionais-praticas-para-orientacao-e-seguranca\/","title":{"rendered":"Sinaliza\u00e7\u00e3o corporativa para espa\u00e7os multifuncionais: pr\u00e1ticas para orienta\u00e7\u00e3o e seguran\u00e7a"},"content":{"rendered":"<p><span style=\"font-weight: 400\">Espa\u00e7os multifuncionais, como centros de conven\u00e7\u00f5es, coworkings e complexos empresariais, re\u00fanem diferentes usos e p\u00fablicos, tornando a sinaliza\u00e7\u00e3o corporativa essencial para a orienta\u00e7\u00e3o eficiente e a seguran\u00e7a dos usu\u00e1rios. Al\u00e9m de facilitar o deslocamento, uma boa sinaliza\u00e7\u00e3o reduz riscos e promove uma experi\u00eancia mais fluida e agrad\u00e1vel para todos. Nesse contexto, a cria\u00e7\u00e3o de sistemas visuais bem planejados e acess\u00edveis \u00e9 um diferencial importante, refletindo tamb\u00e9m o compromisso da empresa com organiza\u00e7\u00e3o e profissionalismo. A seguir, destacamos as pr\u00e1ticas principais para garantir um projeto eficiente de sinaliza\u00e7\u00e3o em espa\u00e7os multifuncionais.<\/span><\/p>\n<p><em>1. Planejamento Estrat\u00e9gico<\/em><\/p>\n<p><span style=\"font-weight: 400\">O planejamento \u00e9 o ponto de partida para uma sinaliza\u00e7\u00e3o eficiente. Mapeie o espa\u00e7o para identificar entradas, sa\u00eddas, rotas de evacua\u00e7\u00e3o e \u00e1reas de maior fluxo. Posicione a sinaliza\u00e7\u00e3o de maneira estrat\u00e9gica para facilitar a navega\u00e7\u00e3o, usando totens informativos em \u00e1reas amplas e placas direcionais em corredores e portas. Um planejamento bem estruturado reduz confus\u00f5es e melhora a experi\u00eancia do usu\u00e1rio.<\/span><\/p>\n<p><em>2. Implementa\u00e7\u00e3o de Sinaliza\u00e7\u00e3o Acess\u00edvel<\/em><\/p>\n<p><span style=\"font-weight: 400\">A acessibilidade \u00e9 essencial em qualquer projeto de sinaliza\u00e7\u00e3o. Instale placas em braille, mapas t\u00e1teis e pisos t\u00e1teis para garantir que pessoas com defici\u00eancia visual possam se orientar com seguran\u00e7a. Cores contrastantes tamb\u00e9m ajudam na leitura e compreens\u00e3o por todos os usu\u00e1rios, garantindo inclus\u00e3o e cumprimento das normas da NBR 9050.<\/span><\/p>\n<p><em>3. Prioriza\u00e7\u00e3o da Seguran\u00e7a<\/em><\/p>\n<p><span style=\"font-weight: 400\">A sinaliza\u00e7\u00e3o de seguran\u00e7a deve estar integrada ao ambiente e ser altamente vis\u00edvel. Placas que indicam sa\u00eddas de emerg\u00eancia, extintores e rotas de fuga s\u00e3o obrigat\u00f3rias, seguindo padr\u00f5es como os da NBR 13.434. Use \u00edcones universais e cores como vermelho para alertas e verde para indicar seguran\u00e7a, garantindo que a comunica\u00e7\u00e3o seja r\u00e1pida e compreens\u00edvel.<\/span><\/p>\n<p><em>4. Escolha de Materiais Dur\u00e1veis<\/em><\/p>\n<p><span style=\"font-weight: 400\">Materiais como alum\u00ednio, acr\u00edlico ou a\u00e7o inox s\u00e3o ideais para espa\u00e7os multifuncionais devido \u00e0 sua durabilidade e resist\u00eancia ao desgaste. Em ambientes externos, opte por op\u00e7\u00f5es resistentes \u00e0s intemp\u00e9ries. Uma sinaliza\u00e7\u00e3o bem conservada reflete a seriedade e o profissionalismo da organiza\u00e7\u00e3o.<\/span><\/p>\n<p><em>5. Manuten\u00e7\u00e3o Regular<\/em><\/p>\n<p><span style=\"font-weight: 400\">A manuten\u00e7\u00e3o \u00e9 indispens\u00e1vel para preservar a funcionalidade e o impacto visual da sinaliza\u00e7\u00e3o. Realize inspe\u00e7\u00f5es peri\u00f3dicas para garantir que as pe\u00e7as estejam limpas, leg\u00edveis e em bom estado. A substitui\u00e7\u00e3o de elementos desgastados deve ser feita imediatamente para evitar confus\u00f5es ou riscos.<\/span><\/p>\n<p><span style=\"font-weight: 400\">Espa\u00e7os multifuncionais apresentam desafios \u00fanicos, mas com pr\u00e1ticas como planejamento estrat\u00e9gico, acessibilidade e prioriza\u00e7\u00e3o da seguran\u00e7a, a sinaliza\u00e7\u00e3o corporativa pode transformar esses ambientes em locais organizados, seguros e convidativos. Um projeto bem executado n\u00e3o apenas melhora a experi\u00eancia do usu\u00e1rio, mas tamb\u00e9m fortalece a imagem da empresa respons\u00e1vel.<\/span><\/p>\n","protected":false},"excerpt":{"rendered":"<p>Espa\u00e7os multifuncionais, como centros de conven\u00e7\u00f5es, coworkings e complexos empresariais, re\u00fanem diferentes usos e p\u00fablicos, tornando a sinaliza\u00e7\u00e3o corporativa essencial para a orienta\u00e7\u00e3o eficiente e a seguran\u00e7a dos usu\u00e1rios. Al\u00e9m de facilitar o deslocamento, uma boa sinaliza\u00e7\u00e3o reduz riscos e promove uma experi\u00eancia mais fluida e agrad\u00e1vel para todos. Nesse contexto, a cria\u00e7\u00e3o de sistemas [&hellip;]<\/p>\n","protected":false},"author":5,"featured_media":1007,"comment_status":"closed","ping_status":"closed","sticky":false,"template":"","format":"standard","meta":{"footnotes":""},"categories":[30],"tags":[],"yoast_head":"<!-- This site is optimized with the Yoast SEO plugin v21.0 - https:\/\/yoast.com\/wordpress\/plugins\/seo\/ -->\n<title>Sinaliza\u00e7\u00e3o corporativa para espa\u00e7os multifuncionais: pr\u00e1ticas para orienta\u00e7\u00e3o e seguran\u00e7a<\/title>\n<meta name=\"robots\" content=\"index, follow, max-snippet:-1, max-image-preview:large, max-video-preview:-1\" \/>\n<link rel=\"canonical\" href=\"https:\/\/www.bump.com.br\/blog\/sinalizacao-corporativa-para-espacos-multifuncionais-praticas-para-orientacao-e-seguranca\/\" \/>\n<meta property=\"og:locale\" content=\"pt_BR\" \/>\n<meta property=\"og:type\" content=\"article\" \/>\n<meta property=\"og:title\" content=\"Sinaliza\u00e7\u00e3o corporativa para espa\u00e7os multifuncionais: pr\u00e1ticas para orienta\u00e7\u00e3o e seguran\u00e7a\" \/>\n<meta property=\"og:description\" content=\"Espa\u00e7os multifuncionais, como centros de conven\u00e7\u00f5es, coworkings e complexos empresariais, re\u00fanem diferentes usos e p\u00fablicos, tornando a sinaliza\u00e7\u00e3o corporativa essencial para a orienta\u00e7\u00e3o eficiente e a seguran\u00e7a dos usu\u00e1rios. Al\u00e9m de facilitar o deslocamento, uma boa sinaliza\u00e7\u00e3o reduz riscos e promove uma experi\u00eancia mais fluida e agrad\u00e1vel para todos. Nesse contexto, a cria\u00e7\u00e3o de sistemas [&hellip;]\" \/>\n<meta property=\"og:url\" content=\"https:\/\/www.bump.com.br\/blog\/sinalizacao-corporativa-para-espacos-multifuncionais-praticas-para-orientacao-e-seguranca\/\" \/>\n<meta property=\"og:site_name\" content=\"Bump Comunica\u00e7\u00e3o Visual\" \/>\n<meta property=\"article:published_time\" content=\"2024-11-29T14:41:48+00:00\" \/>\n<meta property=\"article:modified_time\" content=\"2024-11-28T11:52:16+00:00\" \/>\n<meta property=\"og:image\" content=\"https:\/\/www.bump.com.br\/blog\/wp-content\/uploads\/2024\/11\/bp-blog-11-1024x585.png\" \/>\n\t<meta property=\"og:image:width\" content=\"1024\" \/>\n\t<meta property=\"og:image:height\" content=\"585\" \/>\n\t<meta property=\"og:image:type\" content=\"image\/png\" \/>\n<meta name=\"author\" content=\"F\u00e1bio Chezzi\" \/>\n<meta name=\"twitter:card\" content=\"summary_large_image\" \/>\n<meta name=\"twitter:label1\" content=\"Escrito por\" \/>\n\t<meta name=\"twitter:data1\" content=\"F\u00e1bio Chezzi\" \/>\n\t<meta name=\"twitter:label2\" content=\"Est. tempo de leitura\" \/>\n\t<meta name=\"twitter:data2\" content=\"3 minutos\" \/>\n<script type=\"application\/ld+json\" class=\"yoast-schema-graph\">{\"@context\":\"https:\/\/schema.org\",\"@graph\":[{\"@type\":\"Article\",\"@id\":\"https:\/\/www.bump.com.br\/blog\/sinalizacao-corporativa-para-espacos-multifuncionais-praticas-para-orientacao-e-seguranca\/#article\",\"isPartOf\":{\"@id\":\"https:\/\/www.bump.com.br\/blog\/sinalizacao-corporativa-para-espacos-multifuncionais-praticas-para-orientacao-e-seguranca\/\"},\"author\":{\"name\":\"F\u00e1bio Chezzi\",\"@id\":\"https:\/\/www.bump.com.br\/blog\/#\/schema\/person\/a96cb7dc640c9d5e73334935dfd616b7\"},\"headline\":\"Sinaliza\u00e7\u00e3o corporativa para espa\u00e7os multifuncionais: pr\u00e1ticas para orienta\u00e7\u00e3o e seguran\u00e7a\",\"datePublished\":\"2024-11-29T14:41:48+00:00\",\"dateModified\":\"2024-11-28T11:52:16+00:00\",\"mainEntityOfPage\":{\"@id\":\"https:\/\/www.bump.com.br\/blog\/sinalizacao-corporativa-para-espacos-multifuncionais-praticas-para-orientacao-e-seguranca\/\"},\"wordCount\":500,\"publisher\":{\"@id\":\"https:\/\/www.bump.com.br\/blog\/#organization\"},\"articleSection\":[\"Comunica\u00e7\u00e3o Visual\"],\"inLanguage\":\"pt-BR\"},{\"@type\":\"WebPage\",\"@id\":\"https:\/\/www.bump.com.br\/blog\/sinalizacao-corporativa-para-espacos-multifuncionais-praticas-para-orientacao-e-seguranca\/\",\"url\":\"https:\/\/www.bump.com.br\/blog\/sinalizacao-corporativa-para-espacos-multifuncionais-praticas-para-orientacao-e-seguranca\/\",\"name\":\"Sinaliza\u00e7\u00e3o corporativa para espa\u00e7os multifuncionais: pr\u00e1ticas para orienta\u00e7\u00e3o e seguran\u00e7a\",\"isPartOf\":{\"@id\":\"https:\/\/www.bump.com.br\/blog\/#website\"},\"datePublished\":\"2024-11-29T14:41:48+00:00\",\"dateModified\":\"2024-11-28T11:52:16+00:00\",\"breadcrumb\":{\"@id\":\"https:\/\/www.bump.com.br\/blog\/sinalizacao-corporativa-para-espacos-multifuncionais-praticas-para-orientacao-e-seguranca\/#breadcrumb\"},\"inLanguage\":\"pt-BR\",\"potentialAction\":[{\"@type\":\"ReadAction\",\"target\":[\"https:\/\/www.bump.com.br\/blog\/sinalizacao-corporativa-para-espacos-multifuncionais-praticas-para-orientacao-e-seguranca\/\"]}]},{\"@type\":\"BreadcrumbList\",\"@id\":\"https:\/\/www.bump.com.br\/blog\/sinalizacao-corporativa-para-espacos-multifuncionais-praticas-para-orientacao-e-seguranca\/#breadcrumb\",\"itemListElement\":[{\"@type\":\"ListItem\",\"position\":1,\"name\":\"Home\",\"item\":\"https:\/\/www.bump.com.br\/blog\/\"},{\"@type\":\"ListItem\",\"position\":2,\"name\":\"Sinaliza\u00e7\u00e3o corporativa para espa\u00e7os multifuncionais: pr\u00e1ticas para orienta\u00e7\u00e3o e seguran\u00e7a\"}]},{\"@type\":\"WebSite\",\"@id\":\"https:\/\/www.bump.com.br\/blog\/#website\",\"url\":\"https:\/\/www.bump.com.br\/blog\/\",\"name\":\"Bump Comunica\u00e7\u00e3o Visual\",\"description\":\"\",\"publisher\":{\"@id\":\"https:\/\/www.bump.com.br\/blog\/#organization\"},\"potentialAction\":[{\"@type\":\"SearchAction\",\"target\":{\"@type\":\"EntryPoint\",\"urlTemplate\":\"https:\/\/www.bump.com.br\/blog\/?s={search_term_string}\"},\"query-input\":\"required name=search_term_string\"}],\"inLanguage\":\"pt-BR\"},{\"@type\":\"Organization\",\"@id\":\"https:\/\/www.bump.com.br\/blog\/#organization\",\"name\":\"Bump Comunica\u00e7\u00e3o Visual\",\"url\":\"https:\/\/www.bump.com.br\/blog\/\",\"logo\":{\"@type\":\"ImageObject\",\"inLanguage\":\"pt-BR\",\"@id\":\"https:\/\/www.bump.com.br\/blog\/#\/schema\/logo\/image\/\",\"url\":\"https:\/\/www.bump.com.br\/blog\/wp-content\/uploads\/2023\/08\/logo-bump-1948x1948-1.jpg\",\"contentUrl\":\"https:\/\/www.bump.com.br\/blog\/wp-content\/uploads\/2023\/08\/logo-bump-1948x1948-1.jpg\",\"width\":1948,\"height\":1948,\"caption\":\"Bump Comunica\u00e7\u00e3o Visual\"},\"image\":{\"@id\":\"https:\/\/www.bump.com.br\/blog\/#\/schema\/logo\/image\/\"}},{\"@type\":\"Person\",\"@id\":\"https:\/\/www.bump.com.br\/blog\/#\/schema\/person\/a96cb7dc640c9d5e73334935dfd616b7\",\"name\":\"F\u00e1bio Chezzi\",\"url\":\"https:\/\/www.bump.com.br\/blog\/author\/fachezzi\/\"}]}<\/script>\n<!-- \/ Yoast SEO plugin. -->","yoast_head_json":{"title":"Sinaliza\u00e7\u00e3o corporativa para espa\u00e7os multifuncionais: pr\u00e1ticas para orienta\u00e7\u00e3o e seguran\u00e7a","robots":{"index":"index","follow":"follow","max-snippet":"max-snippet:-1","max-image-preview":"max-image-preview:large","max-video-preview":"max-video-preview:-1"},"canonical":"https:\/\/www.bump.com.br\/blog\/sinalizacao-corporativa-para-espacos-multifuncionais-praticas-para-orientacao-e-seguranca\/","og_locale":"pt_BR","og_type":"article","og_title":"Sinaliza\u00e7\u00e3o corporativa para espa\u00e7os multifuncionais: pr\u00e1ticas para orienta\u00e7\u00e3o e seguran\u00e7a","og_description":"Espa\u00e7os multifuncionais, como centros de conven\u00e7\u00f5es, coworkings e complexos empresariais, re\u00fanem diferentes usos e p\u00fablicos, tornando a sinaliza\u00e7\u00e3o corporativa essencial para a orienta\u00e7\u00e3o eficiente e a seguran\u00e7a dos usu\u00e1rios. Al\u00e9m de facilitar o deslocamento, uma boa sinaliza\u00e7\u00e3o reduz riscos e promove uma experi\u00eancia mais fluida e agrad\u00e1vel para todos. Nesse contexto, a cria\u00e7\u00e3o de sistemas [&hellip;]","og_url":"https:\/\/www.bump.com.br\/blog\/sinalizacao-corporativa-para-espacos-multifuncionais-praticas-para-orientacao-e-seguranca\/","og_site_name":"Bump Comunica\u00e7\u00e3o Visual","article_published_time":"2024-11-29T14:41:48+00:00","article_modified_time":"2024-11-28T11:52:16+00:00","og_image":[{"width":1024,"height":585,"url":"https:\/\/www.bump.com.br\/blog\/wp-content\/uploads\/2024\/11\/bp-blog-11-1024x585.png","type":"image\/png"}],"author":"F\u00e1bio Chezzi","twitter_card":"summary_large_image","twitter_misc":{"Escrito por":"F\u00e1bio Chezzi","Est. tempo de leitura":"3 minutos"},"schema":{"@context":"https:\/\/schema.org","@graph":[{"@type":"Article","@id":"https:\/\/www.bump.com.br\/blog\/sinalizacao-corporativa-para-espacos-multifuncionais-praticas-para-orientacao-e-seguranca\/#article","isPartOf":{"@id":"https:\/\/www.bump.com.br\/blog\/sinalizacao-corporativa-para-espacos-multifuncionais-praticas-para-orientacao-e-seguranca\/"},"author":{"name":"F\u00e1bio Chezzi","@id":"https:\/\/www.bump.com.br\/blog\/#\/schema\/person\/a96cb7dc640c9d5e73334935dfd616b7"},"headline":"Sinaliza\u00e7\u00e3o corporativa para espa\u00e7os multifuncionais: pr\u00e1ticas para orienta\u00e7\u00e3o e seguran\u00e7a","datePublished":"2024-11-29T14:41:48+00:00","dateModified":"2024-11-28T11:52:16+00:00","mainEntityOfPage":{"@id":"https:\/\/www.bump.com.br\/blog\/sinalizacao-corporativa-para-espacos-multifuncionais-praticas-para-orientacao-e-seguranca\/"},"wordCount":500,"publisher":{"@id":"https:\/\/www.bump.com.br\/blog\/#organization"},"articleSection":["Comunica\u00e7\u00e3o Visual"],"inLanguage":"pt-BR"},{"@type":"WebPage","@id":"https:\/\/www.bump.com.br\/blog\/sinalizacao-corporativa-para-espacos-multifuncionais-praticas-para-orientacao-e-seguranca\/","url":"https:\/\/www.bump.com.br\/blog\/sinalizacao-corporativa-para-espacos-multifuncionais-praticas-para-orientacao-e-seguranca\/","name":"Sinaliza\u00e7\u00e3o corporativa para espa\u00e7os multifuncionais: pr\u00e1ticas para orienta\u00e7\u00e3o e seguran\u00e7a","isPartOf":{"@id":"https:\/\/www.bump.com.br\/blog\/#website"},"datePublished":"2024-11-29T14:41:48+00:00","dateModified":"2024-11-28T11:52:16+00:00","breadcrumb":{"@id":"https:\/\/www.bump.com.br\/blog\/sinalizacao-corporativa-para-espacos-multifuncionais-praticas-para-orientacao-e-seguranca\/#breadcrumb"},"inLanguage":"pt-BR","potentialAction":[{"@type":"ReadAction","target":["https:\/\/www.bump.com.br\/blog\/sinalizacao-corporativa-para-espacos-multifuncionais-praticas-para-orientacao-e-seguranca\/"]}]},{"@type":"BreadcrumbList","@id":"https:\/\/www.bump.com.br\/blog\/sinalizacao-corporativa-para-espacos-multifuncionais-praticas-para-orientacao-e-seguranca\/#breadcrumb","itemListElement":[{"@type":"ListItem","position":1,"name":"Home","item":"https:\/\/www.bump.com.br\/blog\/"},{"@type":"ListItem","position":2,"name":"Sinaliza\u00e7\u00e3o corporativa para espa\u00e7os multifuncionais: pr\u00e1ticas para orienta\u00e7\u00e3o e seguran\u00e7a"}]},{"@type":"WebSite","@id":"https:\/\/www.bump.com.br\/blog\/#website","url":"https:\/\/www.bump.com.br\/blog\/","name":"Bump Comunica\u00e7\u00e3o Visual","description":"","publisher":{"@id":"https:\/\/www.bump.com.br\/blog\/#organization"},"potentialAction":[{"@type":"SearchAction","target":{"@type":"EntryPoint","urlTemplate":"https:\/\/www.bump.com.br\/blog\/?s={search_term_string}"},"query-input":"required name=search_term_string"}],"inLanguage":"pt-BR"},{"@type":"Organization","@id":"https:\/\/www.bump.com.br\/blog\/#organization","name":"Bump Comunica\u00e7\u00e3o Visual","url":"https:\/\/www.bump.com.br\/blog\/","logo":{"@type":"ImageObject","inLanguage":"pt-BR","@id":"https:\/\/www.bump.com.br\/blog\/#\/schema\/logo\/image\/","url":"https:\/\/www.bump.com.br\/blog\/wp-content\/uploads\/2023\/08\/logo-bump-1948x1948-1.jpg","contentUrl":"https:\/\/www.bump.com.br\/blog\/wp-content\/uploads\/2023\/08\/logo-bump-1948x1948-1.jpg","width":1948,"height":1948,"caption":"Bump Comunica\u00e7\u00e3o Visual"},"image":{"@id":"https:\/\/www.bump.com.br\/blog\/#\/schema\/logo\/image\/"}},{"@type":"Person","@id":"https:\/\/www.bump.com.br\/blog\/#\/schema\/person\/a96cb7dc640c9d5e73334935dfd616b7","name":"F\u00e1bio Chezzi","url":"https:\/\/www.bump.com.br\/blog\/author\/fachezzi\/"}]}},"_links":{"self":[{"href":"https:\/\/www.bump.com.br\/blog\/wp-json\/wp\/v2\/posts\/1006"}],"collection":[{"href":"https:\/\/www.bump.com.br\/blog\/wp-json\/wp\/v2\/posts"}],"about":[{"href":"https:\/\/www.bump.com.br\/blog\/wp-json\/wp\/v2\/types\/post"}],"author":[{"embeddable":true,"href":"https:\/\/www.bump.com.br\/blog\/wp-json\/wp\/v2\/users\/5"}],"replies":[{"embeddable":true,"href":"https:\/\/www.bump.com.br\/blog\/wp-json\/wp\/v2\/comments?post=1006"}],"version-history":[{"count":1,"href":"https:\/\/www.bump.com.br\/blog\/wp-json\/wp\/v2\/posts\/1006\/revisions"}],"predecessor-version":[{"id":1008,"href":"https:\/\/www.bump.com.br\/blog\/wp-json\/wp\/v2\/posts\/1006\/revisions\/1008"}],"wp:featuredmedia":[{"embeddable":true,"href":"https:\/\/www.bump.com.br\/blog\/wp-json\/wp\/v2\/media\/1007"}],"wp:attachment":[{"href":"https:\/\/www.bump.com.br\/blog\/wp-json\/wp\/v2\/media?parent=1006"}],"wp:term":[{"taxonomy":"category","embeddable":true,"href":"https:\/\/www.bump.com.br\/blog\/wp-json\/wp\/v2\/categories?post=1006"},{"taxonomy":"post_tag","embeddable":true,"href":"https:\/\/www.bump.com.br\/blog\/wp-json\/wp\/v2\/tags?post=1006"}],"curies":[{"name":"wp","href":"https:\/\/api.w.org\/{rel}","templated":true}]}}